{"id":407009,"date":"2024-06-10T11:00:00","date_gmt":"2024-06-10T09:00:00","guid":{"rendered":"https:\/\/www.nbamaniacs.com\/de\/nachrichten\/jokic-zoegert-noch-bei-olympia-plaenen\/"},"modified":"2024-06-10T11:00:00","modified_gmt":"2024-06-10T09:00:00","slug":"jokic-zoegert-noch-bei-olympia-plaenen","status":"publish","type":"post","link":"https:\/\/www.nbamaniacs.com\/de\/nachrichten\/jokic-zoegert-noch-bei-olympia-plaenen\/","title":{"rendered":"Jokic z\u00f6gert noch bei Olympia-Pl\u00e4nen"},"content":{"rendered":"<p>Nikola Jokic hat noch nicht entschieden, ob er in diesem Sommer bei den Olympischen Spielen in Paris f\u00fcr die serbische Nationalmannschaft antreten wird. Er r\u00e4umt ein, dass er seine Optionen abw\u00e4gt und wird dem Verband Bescheid geben, sobald er sich entschieden hat.<\/p>\n<p>Svetislav Pesic, Cheftrainer Serbiens, \u00e4u\u00dferte sich k\u00fcrzlich dazu und stellte klar, dass die Ger\u00fcchte \u00fcber die Teilnahme des Nuggets-Centers an den Spielen in Paris falsch seien. F\u00fcr das Balkan-Team w\u00e4re der dreifache MVP zweifellos ein gro\u00dfer Vorteil. Doch schon bei der letzten Weltmeisterschaft \u2013 als sie den zweiten Platz belegten \u2013 haben sie bewiesen, dass sie auch ohne ihn eine beeindruckende Kraft sein k\u00f6nnen und in seiner Abwesenheit aufbl\u00fchen.<\/p>\n<p>Serbien steht vor einer potenziell schwierigen Gruppenphase und trifft auf die Vereinigten Staaten, den S\u00fcdsudan sowie den Sieger des vierten Vorolympischen Turniers, in dem Teams wie Italien, Litauen und Puerto Rico antreten. Doch mit oder ohne Jokic z\u00e4hlen die Serben zu den Top-Favoriten auf eine Medaille und wollen das Silber von Rio 2016 mindestens wiederholen oder sogar \u00fcbertreffen.<\/p>\n<p><em>(Fotograf\u00eda de portada: David Berding\/Getty Images)<\/em><\/p>\n","protected":false},"excerpt":{"rendered":"<p>Nikola Jokic hat noch nicht entschieden, ob er in diesem Sommer bei den Olympischen Spielen in Paris f\u00fcr die serbische Nationalmannschaft antreten wird. Er r\u00e4umt &#8230; <a title=\"Jokic z\u00f6gert noch bei Olympia-Pl\u00e4nen\" class=\"read-more\" href=\"https:\/\/www.nbamaniacs.com\/de\/nachrichten\/jokic-zoegert-noch-bei-olympia-plaenen\/\" aria-label=\"Mehr Informationen \u00fcber Jokic z\u00f6gert noch bei Olympia-Pl\u00e4nen\">Mehr lesen<\/a><\/p>\n","protected":false},"author":14497,"featured_media":406996,"comment_status":"open","ping_status":"closed","sticky":false,"template":"","format":"standard","meta":{"ub_ctt_via":"","footnotes":""},"categories":[6],"tags":[23,2804,1815],"class_list":["post-407009","post","type-post","status-publish","format-standard","has-post-thumbnail","hentry","category-nachrichten","tag-denver-nuggets","tag-nikola-jokic","tag-serbien","no-featured-image-padding","resize-featured-image"],"featured_image_src":"https:\/\/www.nbamaniacs.com\/de\/wp-content\/uploads\/2025\/06\/keine-headline-verf-ugbar-8.jpg","author_info":{"display_name":"Niko Jens Schwann","author_link":"https:\/\/www.nbamaniacs.com\/de\/autor\/niko-jens-schwann\/"},"_links":{"self":[{"href":"https:\/\/www.nbamaniacs.com\/de\/wp-json\/wp\/v2\/posts\/407009","targetHints":{"allow":["GET"]}}],"collection":[{"href":"https:\/\/www.nbamaniacs.com\/de\/wp-json\/wp\/v2\/posts"}],"about":[{"href":"https:\/\/www.nbamaniacs.com\/de\/wp-json\/wp\/v2\/types\/post"}],"author":[{"embeddable":true,"href":"https:\/\/www.nbamaniacs.com\/de\/wp-json\/wp\/v2\/users\/14497"}],"replies":[{"embeddable":true,"href":"https:\/\/www.nbamaniacs.com\/de\/wp-json\/wp\/v2\/comments?post=407009"}],"version-history":[{"count":0,"href":"https:\/\/www.nbamaniacs.com\/de\/wp-json\/wp\/v2\/posts\/407009\/revisions"}],"wp:featuredmedia":[{"embeddable":true,"href":"https:\/\/www.nbamaniacs.com\/de\/wp-json\/wp\/v2\/media\/406996"}],"wp:attachment":[{"href":"https:\/\/www.nbamaniacs.com\/de\/wp-json\/wp\/v2\/media?parent=407009"}],"wp:term":[{"taxonomy":"category","embeddable":true,"href":"https:\/\/www.nbamaniacs.com\/de\/wp-json\/wp\/v2\/categories?post=407009"},{"taxonomy":"post_tag","embeddable":true,"href":"https:\/\/www.nbamaniacs.com\/de\/wp-json\/wp\/v2\/tags?post=407009"}],"curies":[{"name":"wp","href":"https:\/\/api.w.org\/{rel}","templated":true}]}}