{"id":407038,"date":"2024-06-06T13:00:00","date_gmt":"2024-06-06T11:00:00","guid":{"rendered":"https:\/\/www.nbamaniacs.com\/de\/nachrichten\/utah-jazz-enthuellen-ihre-neuen-trikots\/"},"modified":"2024-06-06T13:00:00","modified_gmt":"2024-06-06T11:00:00","slug":"utah-jazz-enthuellen-ihre-neuen-trikots","status":"publish","type":"post","link":"https:\/\/www.nbamaniacs.com\/de\/nachrichten\/utah-jazz-enthuellen-ihre-neuen-trikots\/","title":{"rendered":"Utah Jazz enth\u00fcllen ihre neuen Trikots"},"content":{"rendered":"<p>Die Utah Jazz haben ihre neuen Trikots enth\u00fcllt, die sie in den n\u00e4chsten beiden Spielzeiten unter dem Motto <em>Mountain Basketball<\/em> tragen werden \u2013 ein Franchise-Symbol seit 1979.<\/p>\n<p>In der neuen Farbpalette stehen Lila und Wei\u00df im Mittelpunkt. Schwarz spielt aber ebenfalls eine wichtige Rolle bei ihren <em>Statement<\/em>-Editionen. In der Saison 2024\u201325 werden sie zwei schwarze Trikots, ein wei\u00dfes und ein lila tragen. In der Saison 2025\u201326 kommen dann zwei lila, ein wei\u00dfes und ein schwarzes zum Einsatz.<\/p>\n<figure class=\"wp-block-embed is-type-rich is-provider-twitter wp-block-embed-twitter\">\n<div class=\"wp-block-embed__wrapper\">\n<blockquote class=\"twitter-tweet\" data-width=\"550\" data-dnt=\"true\">\n<p lang=\"en\" dir=\"ltr\">The most courts per capita in the nation \u2714\ufe0f<br \/>The largest youth program in the league \u2714\ufe0f<br \/>85% of the population near the mountains \u2714\ufe0f<\/p>\n<p>Utah is Mountain Basketball ?\ufe0f?<a href=\"https:\/\/twitter.com\/hashtag\/TakeNote?src=hash&amp;ref_src=twsrc%5Etfw\" target=\"_blank\" rel=\"noopener nofollow\">#TakeNote<\/a> <a href=\"https:\/\/t.co\/awR1WsUee0\" target=\"_blank\" rel=\"nofollow\">pic.twitter.com\/awR1WsUee0<\/a><\/p>\n<p>&mdash; Utah Jazz (@utahjazz) <a href=\"https:\/\/twitter.com\/utahjazz\/status\/1798375969407078712?ref_src=twsrc%5Etfw\" target=\"_blank\" rel=\"noopener nofollow\">June 5, 2024<\/a><\/p><\/blockquote>\n<p><script async src=\"https:\/\/platform.twitter.com\/widgets.js\" charset=\"utf-8\"><\/script>\n<\/div>\n<\/figure>\n<p>\u201eUnsere Marke wird sich immer in einem iterativen Prozess weiterentwickeln, w\u00e4hrend unser Team, unsere Franchise und unsere Fangemeinde wachsen\u201c, sagte Ryan Smith. \u201eEs ist offensichtlich, dass <em>Mountain Basketball<\/em> und Lila die Seele der Jazz sind, und wir freuen uns, dies mit unseren Fans zu teilen\u201c, f\u00fcgte er hinzu.<\/p>\n<p>Mit Blick auf die Saison 2024\u201325 sind fast 98 Millionen US-Dollar f\u00fcr Geh\u00e4lter veranschlagt, wobei John Collins, Jordan Clarkson und Collin Sexton die Topverdiener im Kader sind.<\/p>\n<p>Die Zukunft von Collins ist ungewiss. Gleiches gilt f\u00fcr Sexton. Das Team sucht nach einem zweiten Star, der an der Seite von Finnlands Lauri Markkanen spielen soll.<\/p>\n<p>Das Team von Will Hardy verpasste 2024 die Playoffs. Es belegte Rang 11 in der Western Conference mit einer Bilanz von 31\u201351.<\/p>\n<p><em>(Titelbild: Jazz.com)<\/em><\/p>\n","protected":false},"excerpt":{"rendered":"<p>Die Utah Jazz haben ihre neuen Trikots enth\u00fcllt, die sie in den n\u00e4chsten beiden Spielzeiten unter dem Motto Mountain Basketball tragen werden \u2013 ein Franchise-Symbol &#8230; <a title=\"Utah Jazz enth\u00fcllen ihre neuen Trikots\" class=\"read-more\" href=\"https:\/\/www.nbamaniacs.com\/de\/nachrichten\/utah-jazz-enthuellen-ihre-neuen-trikots\/\" aria-label=\"Mehr Informationen \u00fcber Utah Jazz enth\u00fcllen ihre neuen Trikots\">Mehr lesen<\/a><\/p>\n","protected":false},"author":14497,"featured_media":407028,"comment_status":"open","ping_status":"closed","sticky":false,"template":"","format":"standard","meta":{"ub_ctt_via":"","footnotes":""},"categories":[6],"tags":[3620,35],"class_list":["post-407038","post","type-post","status-publish","format-standard","has-post-thumbnail","hentry","category-nachrichten","tag-lauri-markkanen","tag-utah-jazz","no-featured-image-padding","resize-featured-image"],"featured_image_src":"https:\/\/www.nbamaniacs.com\/de\/wp-content\/uploads\/2025\/06\/utah-jazz-peilen-die-playoffs-an.jpg","author_info":{"display_name":"Niko Jens Schwann","author_link":"https:\/\/www.nbamaniacs.com\/de\/autor\/niko-jens-schwann\/"},"_links":{"self":[{"href":"https:\/\/www.nbamaniacs.com\/de\/wp-json\/wp\/v2\/posts\/407038","targetHints":{"allow":["GET"]}}],"collection":[{"href":"https:\/\/www.nbamaniacs.com\/de\/wp-json\/wp\/v2\/posts"}],"about":[{"href":"https:\/\/www.nbamaniacs.com\/de\/wp-json\/wp\/v2\/types\/post"}],"author":[{"embeddable":true,"href":"https:\/\/www.nbamaniacs.com\/de\/wp-json\/wp\/v2\/users\/14497"}],"replies":[{"embeddable":true,"href":"https:\/\/www.nbamaniacs.com\/de\/wp-json\/wp\/v2\/comments?post=407038"}],"version-history":[{"count":0,"href":"https:\/\/www.nbamaniacs.com\/de\/wp-json\/wp\/v2\/posts\/407038\/revisions"}],"wp:featuredmedia":[{"embeddable":true,"href":"https:\/\/www.nbamaniacs.com\/de\/wp-json\/wp\/v2\/media\/407028"}],"wp:attachment":[{"href":"https:\/\/www.nbamaniacs.com\/de\/wp-json\/wp\/v2\/media?parent=407038"}],"wp:term":[{"taxonomy":"category","embeddable":true,"href":"https:\/\/www.nbamaniacs.com\/de\/wp-json\/wp\/v2\/categories?post=407038"},{"taxonomy":"post_tag","embeddable":true,"href":"https:\/\/www.nbamaniacs.com\/de\/wp-json\/wp\/v2\/tags?post=407038"}],"curies":[{"name":"wp","href":"https:\/\/api.w.org\/{rel}","templated":true}]}}