{"id":407078,"date":"2025-01-06T12:00:01","date_gmt":"2025-01-06T11:00:01","guid":{"rendered":"https:\/\/www.nbamaniacs.com\/de\/nachrichten\/skip-bayless-angeblich-wegen-sexmissbrauch-bei-fox-verklagt\/"},"modified":"2025-01-06T12:00:01","modified_gmt":"2025-01-06T11:00:01","slug":"skip-bayless-angeblich-wegen-sexmissbrauch-bei-fox-verklagt","status":"publish","type":"post","link":"https:\/\/www.nbamaniacs.com\/de\/nachrichten\/nba-abseits\/skip-bayless-angeblich-wegen-sexmissbrauch-bei-fox-verklagt\/","title":{"rendered":"Skip Bayless angeblich wegen Sexmissbrauch bei Fox verklagt"},"content":{"rendered":"<p>Es gab schon immer berechtigte Zweifel daran, wie Skip Bayless es im Sportfernsehen so weit nach oben geschafft hat \u2014 ob es seine Substanz oder sein Stil war, der ihm diesen Weg ebnete. Ob er sich in mehr als einem Jahrzehnt bei <em>ESPN<\/em> und <em>Fox Sports<\/em> durch sein umfangreiches Wissen \u00fcber die NBA und NFL einen Namen machte oder ob es seine ungehemmte Art war, diese Sportarten zu kommentieren.<\/p>\n<div style=\"height:20px\" aria-hidden=\"true\" class=\"wp-block-spacer\"><\/div>\n<p>Aber seit letztem August ist Bayless nicht mehr im Fernsehen zu sehen.<\/p>\n<div style=\"height:19px\" aria-hidden=\"true\" class=\"wp-block-spacer\"><\/div>\n<p>Sein Vertrag mit Fox \u2014 wo er <em>Undisputed<\/em> moderierte, eine Diskussionsrunde ohne erkennbaren Filter \u2014 lief aus. Und es gab kein neues Angebot.<\/p>\n<p>Der Grund daf\u00fcr war vor allem der Einbruch der Einschaltquoten, den die Sendung nach dem Weggang seines \u201enumber 2\u201c am Tisch erlitt: des ehemaligen NFL-Spielers Shannon Sharpe (einer der Lieblinge des Publikums), der laut verschiedenen Quellen wegen Bayless\u2019 eigener \u201eEgo-Probleme\u201c ging.<\/p>\n<p>Sharpe hat der Wechsel seitdem sehr gutgetan. Er schloss sich <em>First Take<\/em> mit Stephen A Smith an und wurde von Complex als \u201e<em>Most Entertaining Sports Media Personality<\/em>\u201c ausgezeichnet.<\/p>\n<h2 class=\"wp-block-heading\">Ein unw\u00fcrdiges Arbeitsumfeld<\/h2>\n<p>F\u00fcr Bayless hingegen lief es nicht so reibungslos \u2014 obwohl er seit dem Ende der Show versucht, sich auf YouTube eine starke Community aufzubauen und behauptet, er habe \u201egro\u00dfe Freiheit ohne Chefs oder Unternehmensb\u00fcrokratie\u201c. Besonders seit gestern, als <em>Associated Press<\/em> eine Klage aus seiner Zeit als Fox-Mitarbeiter durchsickern lie\u00df und verbreitete.<\/p>\n<p>Laut verschiedenen Quellen hat eine Stylistin, die beim Sender arbeitete, Bayless, Joy Taylor (ebenfalls Moderatorin bei FS) und Fox Corporation verklagt. Der Vorwurf: Sie h\u00e4tten ein feindseliges Arbeitsumfeld geschaffen, in dem sexuelle Bel\u00e4stigung an der Tagesordnung war.<\/p>\n<p>Die Anw\u00e4lte der Stylistin, Noushin Faraji \u2014 sie arbeitete von 2012 bis August 2024 beim Sender (genau in dem Zeitraum, als Bayless keinen neuen Vertrag bekam) \u2014 erz\u00e4hlen, sie sei \u201egezwungen gewesen, in einem misogynen, rassistischen und ableistischen Arbeitsumfeld zu arbeiten, in dem F\u00fchrungskr\u00e4fte und prominente Pers\u00f6nlichkeiten andere Angestellte straflos k\u00f6rperlich und verbal missbrauchen konnten.\u201c<\/p>\n<h3 class=\"wp-block-heading\">Bayless\u2019 sexuelles Angebot<\/h3>\n<p>Damit nicht genug. Es gibt noch konkretere Anschuldigungen. Laut Klageschrift soll der ehemalige Moderator Skip Bayless der Stylistin mehrfach unerw\u00fcnschte Avancen gemacht haben, darunter auch ein Angebot in H\u00f6he von 1,5 Millionen US-Dollar f\u00fcr Sex.<\/p>\n<p>Eine Woche nach diesem Vorschlag kam demnach ein weiterer Vorsto\u00df von Bayless. Faraji erinnerte ihn daran, dass er verheiratet sei. Der Moderator soll geantwortet haben: \u201eBist du nicht Muslimin? Hat dein Vater nicht drei oder vier Ehefrauen?\u201c<\/p>\n<h2 class=\"wp-block-heading\">Weitere Personen verwickelt<\/h2>\n<p>Doch es geht noch weiter.<\/p>\n<p>Faraji beschuldigt auch Charlie Dixon, den Executive Vice President des Senders, ihr bei einer Party ans Ges\u00e4\u00df gefasst zu haben. Als Faraji sich bei Taylor dar\u00fcber beschwerte, habe die Moderatorin nur gesagt, sie solle \u201edr\u00fcber hinwegkommen\u201c.<\/p>\n<p>Au\u00dferdem hei\u00dft es in der Klageschrift, ein namentlich nicht genannter Mitarbeiter habe Faraji mitgeteilt, sie w\u00fcrde ihren Job verlieren, wenn sie nicht mit Dixon schlafe, um daf\u00fcr einen neuen Vertrag zu bekommen \u2014 etwas, das er angeblich \u201eauch von anderen talentierten Frauen\u201c beim Sender verlangte.<\/p>\n<p><em>(Cover photo by Ron Chenoy-Imagn Images)<\/em><\/p>\n","protected":false},"excerpt":{"rendered":"<p>Es gab schon immer berechtigte Zweifel daran, wie Skip Bayless es im Sportfernsehen so weit nach oben geschafft hat \u2014 ob es seine Substanz oder &#8230; <a title=\"Skip Bayless angeblich wegen Sexmissbrauch bei Fox verklagt\" class=\"read-more\" href=\"https:\/\/www.nbamaniacs.com\/de\/nachrichten\/nba-abseits\/skip-bayless-angeblich-wegen-sexmissbrauch-bei-fox-verklagt\/\" aria-label=\"Mehr Informationen \u00fcber Skip Bayless angeblich wegen Sexmissbrauch bei Fox verklagt\">Mehr lesen<\/a><\/p>\n","protected":false},"author":14497,"featured_media":407062,"comment_status":"open","ping_status":"closed","sticky":false,"template":"","format":"standard","meta":{"ub_ctt_via":"","footnotes":""},"categories":[116],"tags":[],"class_list":["post-407078","post","type-post","status-publish","format-standard","has-post-thumbnail","hentry","category-nba-abseits","no-featured-image-padding","resize-featured-image"],"featured_image_src":"https:\/\/www.nbamaniacs.com\/de\/wp-content\/uploads\/2025\/06\/keine-spanische-headline-zur-bersetzung-8.jpg","author_info":{"display_name":"Niko Jens Schwann","author_link":"https:\/\/www.nbamaniacs.com\/de\/autor\/niko-jens-schwann\/"},"_links":{"self":[{"href":"https:\/\/www.nbamaniacs.com\/de\/wp-json\/wp\/v2\/posts\/407078","targetHints":{"allow":["GET"]}}],"collection":[{"href":"https:\/\/www.nbamaniacs.com\/de\/wp-json\/wp\/v2\/posts"}],"about":[{"href":"https:\/\/www.nbamaniacs.com\/de\/wp-json\/wp\/v2\/types\/post"}],"author":[{"embeddable":true,"href":"https:\/\/www.nbamaniacs.com\/de\/wp-json\/wp\/v2\/users\/14497"}],"replies":[{"embeddable":true,"href":"https:\/\/www.nbamaniacs.com\/de\/wp-json\/wp\/v2\/comments?post=407078"}],"version-history":[{"count":0,"href":"https:\/\/www.nbamaniacs.com\/de\/wp-json\/wp\/v2\/posts\/407078\/revisions"}],"wp:featuredmedia":[{"embeddable":true,"href":"https:\/\/www.nbamaniacs.com\/de\/wp-json\/wp\/v2\/media\/407062"}],"wp:attachment":[{"href":"https:\/\/www.nbamaniacs.com\/de\/wp-json\/wp\/v2\/media?parent=407078"}],"wp:term":[{"taxonomy":"category","embeddable":true,"href":"https:\/\/www.nbamaniacs.com\/de\/wp-json\/wp\/v2\/categories?post=407078"},{"taxonomy":"post_tag","embeddable":true,"href":"https:\/\/www.nbamaniacs.com\/de\/wp-json\/wp\/v2\/tags?post=407078"}],"curies":[{"name":"wp","href":"https:\/\/api.w.org\/{rel}","templated":true}]}}