{"id":407100,"date":"2025-05-28T18:00:00","date_gmt":"2025-05-28T16:00:00","guid":{"rendered":"https:\/\/www.nbamaniacs.com\/de\/nachrichten\/celtics-schmieden-mehrere-trades\/"},"modified":"2025-06-11T11:14:32","modified_gmt":"2025-06-11T09:14:32","slug":"celtics-schmieden-mehrere-trades","status":"publish","type":"post","link":"https:\/\/www.nbamaniacs.com\/de\/geruchte\/celtics-schmieden-mehrere-trades\/","title":{"rendered":"Celtics schmieden mehrere Trades"},"content":{"rendered":"<p><a href=\"https:\/\/www.nbamaniacs.com\/de\/nachrichten\/tatum-droht-saison-aus-achillessehne-gefaehrdet-einsatz\/\" target=\"_blank\" rel=\"noreferrer noopener\">Jayson Tatums schwere Verletzung<\/a> hat die Ausrichtung der Franchise und die Pl\u00e4ne des Front Office f\u00fcr das Team durcheinandergewirbelt \u2013 oder vielleicht nur beschleunigt. Der Forward wird die gesamte Saison 2025\u201326 verpassen, nachdem er sich die Achillessehne gerissen hat, was einen kurzfristigen Kurswechsel im Team erzwingt. Und es stehen Ver\u00e4nderungen an.<\/p>\n<p>Laut <em>ESPN<\/em>-Journalist Shams Charania werden die Celtics f\u00fcr die n\u00e4chste Saison weitreichende Anpassungen am Kader vornehmen. <a href=\"https:\/\/www.nbamaniacs.com\/de\/nachrichten\/celtics-verkauf-bricht-rekord\/\" target=\"_blank\" rel=\"noreferrer noopener\">Die neue Ownership Group<\/a> ist nicht bereit, mehr als 500.000.000 Dollar f\u00fcr Geh\u00e4lter und Luxury Tax zu zahlen, wenn das Team keinen Lauf auf den Titel garantieren kann. Deshalb soll die finanzielle Last reduziert werden.<\/p>\n<p>Spieler wie Jaylen Brown und Derrick White werden diesen Einschnitt voraussichtlich \u00fcberstehen, w\u00e4hrend sich alle Augen erneut auf die Vertr\u00e4ge von Jrue Holiday und Kristaps Porzingis richten. <a href=\"https:\/\/www.nbamaniacs.com\/de\/geruchte\/dallas-mavericks-peilen-drei-point-guards-an\/\" target=\"_blank\" rel=\"noreferrer noopener\">Zu den Teams, die am Point Guard interessiert sind, geh\u00f6ren die Dallas Mavericks<\/a> und die Sacramento Kings. Jetzt bleibt abzuwarten, ob es einen Markt f\u00fcr den lettischen Nationalspieler gibt.<\/p>\n<p>Das Front Office steht zudem vor einer weiteren Entscheidung: Soll es diese Schritte als kleinen \u00dcbergang in Richtung Saison 2026\u201327 nutzen, wenn Tatum zur\u00fcckkehrt, oder bleibt das oberste Ziel, schon 2026 um die Meisterschaft zu k\u00e4mpfen?<\/p>\n<p><em>(Cover photo by Bob DeChiara-Imagn Images)<\/em><\/p>\n","protected":false},"excerpt":{"rendered":"<p>Jayson Tatums schwere Verletzung hat die Ausrichtung der Franchise und die Pl\u00e4ne des Front Office f\u00fcr das Team durcheinandergewirbelt \u2013 oder vielleicht nur beschleunigt. Der &#8230; <a title=\"Celtics schmieden mehrere Trades\" class=\"read-more\" href=\"https:\/\/www.nbamaniacs.com\/de\/geruchte\/celtics-schmieden-mehrere-trades\/\" aria-label=\"Mehr Informationen \u00fcber Celtics schmieden mehrere Trades\">Mehr lesen<\/a><\/p>\n","protected":false},"author":14497,"featured_media":407089,"comment_status":"open","ping_status":"closed","sticky":false,"template":"","format":"standard","meta":{"ub_ctt_via":"","footnotes":""},"categories":[588],"tags":[19],"class_list":["post-407100","post","type-post","status-publish","format-standard","has-post-thumbnail","hentry","category-geruchte","tag-boston-celtics","no-featured-image-padding","resize-featured-image"],"featured_image_src":"https:\/\/www.nbamaniacs.com\/de\/wp-content\/uploads\/2025\/06\/celtics-r-usten-auf-porzingis-brown-holiday-white-2024-25.jpg","author_info":{"display_name":"Niko Jens Schwann","author_link":"https:\/\/www.nbamaniacs.com\/de\/autor\/niko-jens-schwann\/"},"_links":{"self":[{"href":"https:\/\/www.nbamaniacs.com\/de\/wp-json\/wp\/v2\/posts\/407100","targetHints":{"allow":["GET"]}}],"collection":[{"href":"https:\/\/www.nbamaniacs.com\/de\/wp-json\/wp\/v2\/posts"}],"about":[{"href":"https:\/\/www.nbamaniacs.com\/de\/wp-json\/wp\/v2\/types\/post"}],"author":[{"embeddable":true,"href":"https:\/\/www.nbamaniacs.com\/de\/wp-json\/wp\/v2\/users\/14497"}],"replies":[{"embeddable":true,"href":"https:\/\/www.nbamaniacs.com\/de\/wp-json\/wp\/v2\/comments?post=407100"}],"version-history":[{"count":1,"href":"https:\/\/www.nbamaniacs.com\/de\/wp-json\/wp\/v2\/posts\/407100\/revisions"}],"predecessor-version":[{"id":409884,"href":"https:\/\/www.nbamaniacs.com\/de\/wp-json\/wp\/v2\/posts\/407100\/revisions\/409884"}],"wp:featuredmedia":[{"embeddable":true,"href":"https:\/\/www.nbamaniacs.com\/de\/wp-json\/wp\/v2\/media\/407089"}],"wp:attachment":[{"href":"https:\/\/www.nbamaniacs.com\/de\/wp-json\/wp\/v2\/media?parent=407100"}],"wp:term":[{"taxonomy":"category","embeddable":true,"href":"https:\/\/www.nbamaniacs.com\/de\/wp-json\/wp\/v2\/categories?post=407100"},{"taxonomy":"post_tag","embeddable":true,"href":"https:\/\/www.nbamaniacs.com\/de\/wp-json\/wp\/v2\/tags?post=407100"}],"curies":[{"name":"wp","href":"https:\/\/api.w.org\/{rel}","templated":true}]}}