{"id":407101,"date":"2025-05-29T17:00:00","date_gmt":"2025-05-29T15:00:00","guid":{"rendered":"https:\/\/www.nbamaniacs.com\/de\/nachrichten\/cavaliers-ueberdenken-garland-und-allens-zukunft\/"},"modified":"2025-06-11T11:14:21","modified_gmt":"2025-06-11T09:14:21","slug":"cavaliers-ueberdenken-garland-und-allens-zukunft","status":"publish","type":"post","link":"https:\/\/www.nbamaniacs.com\/de\/geruchte\/cavaliers-ueberdenken-garland-und-allens-zukunft\/","title":{"rendered":"Cavaliers \u00fcberdenken Garland und Allens Zukunft"},"content":{"rendered":"<p>Die Karten liegen auf dem Tisch. Das bittere Aus gegen die Indiana Pacers in den Conference Semifinals hat bei den Cleveland Cavaliers tiefgreifende Ver\u00e4nderungen im Kader eingel\u00e4utet, die sich nun offenbar in den kommenden Monaten konkretisieren werden.<\/p>\n<p>Diese Woche machten Berichte die Runde, dass das Front Office aus Ohio komplett auf Evan Mobley als Schl\u00fcsselfigur f\u00fcr die Titelambitionen setzt. Ein neuer Report gie\u00dft zus\u00e4tzlich \u00d6l ins Feuer und deutet auf m\u00f6gliche Opfer nach dem Playoff-Aus hin.<\/p>\n<p>Laut dem lokalen <em>Cleveland.com<\/em>-Reporter Chris Fedor planen die Cavaliers, ins Wespennest zu stechen und Jarrett Allen sowie Darius Garland zu traden, falls ein Elite-Spieler verf\u00fcgbar wird, der das Team auf ein h\u00f6heres Level heben kann. Allerdings k\u00f6nnte diese <em>Operation Ausverkauf<\/em> nur einen von beiden oder auch beide treffen \u2013 je nachdem, welche Gegenleistung winkt und wie sie die Titelhoffnungen st\u00e4rkt. Fedor selbst bringt einen Deal ins Spiel: Garland nach Orlando im Tausch f\u00fcr Jalen Suggs und Tristan da Silva.<\/p>\n<p><a href=\"https:\/\/www.nbamaniacs.com\/de\/nachrichten\/cleveland-verlaengert-mit-evan-mobley-fuer-223-mio-dollar\/\" target=\"_blank\" rel=\"noreferrer noopener\">Der 223-Millionen-Dollar-Vertrag<\/a>, den Mobley im Juli 2024 unterschrieb und der ab der kommenden Saison greift, treibt das Gehaltsgef\u00fcge auf 218 Millionen Dollar und damit \u00fcber den zweiten Apron. So bleibt nahezu kein Spielraum, w\u00e4hrend das Team mit der besten Bilanz der Eastern Conference nach dem Playoff-Desaster jetzt in der Klemme steckt.<\/p>\n<p><em>(Cover photo by David Richard-Imagn Images)<\/em><\/p>\n","protected":false},"excerpt":{"rendered":"<p>Die Karten liegen auf dem Tisch. Das bittere Aus gegen die Indiana Pacers in den Conference Semifinals hat bei den Cleveland Cavaliers tiefgreifende Ver\u00e4nderungen im &#8230; <a title=\"Cavaliers \u00fcberdenken Garland und Allens Zukunft\" class=\"read-more\" href=\"https:\/\/www.nbamaniacs.com\/de\/geruchte\/cavaliers-ueberdenken-garland-und-allens-zukunft\/\" aria-label=\"Mehr Informationen \u00fcber Cavaliers \u00fcberdenken Garland und Allens Zukunft\">Mehr lesen<\/a><\/p>\n","protected":false},"author":14497,"featured_media":407083,"comment_status":"open","ping_status":"closed","sticky":false,"template":"","format":"standard","meta":{"ub_ctt_via":"","footnotes":""},"categories":[588],"tags":[27,3986,3837],"class_list":["post-407101","post","type-post","status-publish","format-standard","has-post-thumbnail","hentry","category-geruchte","tag-cleveland-cavaliers","tag-darius-garland","tag-jarrett-allen","no-featured-image-padding","resize-featured-image"],"featured_image_src":"https:\/\/www.nbamaniacs.com\/de\/wp-content\/uploads\/2025\/06\/garland-allen-jagen-cavs-playoff-platz-2025.jpg","author_info":{"display_name":"Niko Jens Schwann","author_link":"https:\/\/www.nbamaniacs.com\/de\/autor\/niko-jens-schwann\/"},"_links":{"self":[{"href":"https:\/\/www.nbamaniacs.com\/de\/wp-json\/wp\/v2\/posts\/407101","targetHints":{"allow":["GET"]}}],"collection":[{"href":"https:\/\/www.nbamaniacs.com\/de\/wp-json\/wp\/v2\/posts"}],"about":[{"href":"https:\/\/www.nbamaniacs.com\/de\/wp-json\/wp\/v2\/types\/post"}],"author":[{"embeddable":true,"href":"https:\/\/www.nbamaniacs.com\/de\/wp-json\/wp\/v2\/users\/14497"}],"replies":[{"embeddable":true,"href":"https:\/\/www.nbamaniacs.com\/de\/wp-json\/wp\/v2\/comments?post=407101"}],"version-history":[{"count":1,"href":"https:\/\/www.nbamaniacs.com\/de\/wp-json\/wp\/v2\/posts\/407101\/revisions"}],"predecessor-version":[{"id":409880,"href":"https:\/\/www.nbamaniacs.com\/de\/wp-json\/wp\/v2\/posts\/407101\/revisions\/409880"}],"wp:featuredmedia":[{"embeddable":true,"href":"https:\/\/www.nbamaniacs.com\/de\/wp-json\/wp\/v2\/media\/407083"}],"wp:attachment":[{"href":"https:\/\/www.nbamaniacs.com\/de\/wp-json\/wp\/v2\/media?parent=407101"}],"wp:term":[{"taxonomy":"category","embeddable":true,"href":"https:\/\/www.nbamaniacs.com\/de\/wp-json\/wp\/v2\/categories?post=407101"},{"taxonomy":"post_tag","embeddable":true,"href":"https:\/\/www.nbamaniacs.com\/de\/wp-json\/wp\/v2\/tags?post=407101"}],"curies":[{"name":"wp","href":"https:\/\/api.w.org\/{rel}","templated":true}]}}