{"id":407185,"date":"2025-05-15T05:00:00","date_gmt":"2025-05-15T03:00:00","guid":{"rendered":"https:\/\/www.nbamaniacs.com\/de\/nachrichten\/raptors-wollen-masai-ujiri-unbedingt-verpflichten\/"},"modified":"2025-05-15T05:00:00","modified_gmt":"2025-05-15T03:00:00","slug":"raptors-wollen-masai-ujiri-unbedingt-verpflichten","status":"publish","type":"post","link":"https:\/\/www.nbamaniacs.com\/de\/geruchte\/raptors-wollen-masai-ujiri-unbedingt-verpflichten\/","title":{"rendered":"Raptors wollen Masai Ujiri unbedingt verpflichten"},"content":{"rendered":"<p>Kein Zweifel. Der angesehene und respektierte Pr\u00e4sident der Toronto Raptors steht wieder im Rampenlicht. Obwohl es in den letzten Jahren Ger\u00fcchte gab, dass er das kanadische Franchise verlassen k\u00f6nnte, sind diese Spekulationen nun erneut aufgetaucht, nachdem die Atlanta Hawks ihn ins Visier genommen haben. Laut Marc Stein haben die Hawks den Manager als Topkandidaten auserkoren, um ihr Front Office zu f\u00fchren.<\/p>\n<p>Ob sie ihn verpflichten oder nicht, die Hawks haben nach Jahren ergebnisloser Moves erkannt, dass das wahre Problem nicht ihre Aktionen an sich sind, sondern wer die Entscheidungen trifft. Deshalb geben sie alles, um Ujiri zu verpflichten.<\/p>\n<p>So schwierig es auch sein mag, einen der angesehensten Manager in der NBA loszueisen \u2013 vor allem, weil er in Toronto das Sagen hat \u2013 glaubt Atlanta dennoch daran, Ujiri als President of Basketball Operations f\u00fcr das Franchise zu gewinnen.<\/p>\n<p>Auch wenn die Hawks M\u00f6glichkeiten sehen, stellt Stein klar, dass laut Liga-Insidern niemand wei\u00df, ob Ujiri wirklich an einem Tapetenwechsel interessiert ist, zumal er in Toronto fest verwurzelt ist. Dort gewann er 2019 die Meisterschaft, nachdem er alles auf einen Einjahres-Deal mit Kawhi Leonard (dessen Vertrag auslief) gesetzt hatte.<\/p>\n<p><em>(Photo by John E. Sokolowski-Imagn Images)<\/em><\/p>\n","protected":false},"excerpt":{"rendered":"<p>Kein Zweifel. Der angesehene und respektierte Pr\u00e4sident der Toronto Raptors steht wieder im Rampenlicht. Obwohl es in den letzten Jahren Ger\u00fcchte gab, dass er das &#8230; <a title=\"Raptors wollen Masai Ujiri unbedingt verpflichten\" class=\"read-more\" href=\"https:\/\/www.nbamaniacs.com\/de\/geruchte\/raptors-wollen-masai-ujiri-unbedingt-verpflichten\/\" aria-label=\"Mehr Informationen \u00fcber Raptors wollen Masai Ujiri unbedingt verpflichten\">Mehr lesen<\/a><\/p>\n","protected":false},"author":14497,"featured_media":407176,"comment_status":"open","ping_status":"closed","sticky":false,"template":"","format":"standard","meta":{"ub_ctt_via":"","footnotes":""},"categories":[588],"tags":[60,1188,66],"class_list":["post-407185","post","type-post","status-publish","format-standard","has-post-thumbnail","hentry","category-geruchte","tag-atlanta-hawks","tag-masai-ujiri","tag-toronto-raptors","no-featured-image-padding","resize-featured-image"],"featured_image_src":"https:\/\/www.nbamaniacs.com\/de\/wp-content\/uploads\/2025\/06\/masai-ujiri-enth-ullt-plan-zum-15-juni.jpg","author_info":{"display_name":"Niko Jens Schwann","author_link":"https:\/\/www.nbamaniacs.com\/de\/autor\/niko-jens-schwann\/"},"_links":{"self":[{"href":"https:\/\/www.nbamaniacs.com\/de\/wp-json\/wp\/v2\/posts\/407185","targetHints":{"allow":["GET"]}}],"collection":[{"href":"https:\/\/www.nbamaniacs.com\/de\/wp-json\/wp\/v2\/posts"}],"about":[{"href":"https:\/\/www.nbamaniacs.com\/de\/wp-json\/wp\/v2\/types\/post"}],"author":[{"embeddable":true,"href":"https:\/\/www.nbamaniacs.com\/de\/wp-json\/wp\/v2\/users\/14497"}],"replies":[{"embeddable":true,"href":"https:\/\/www.nbamaniacs.com\/de\/wp-json\/wp\/v2\/comments?post=407185"}],"version-history":[{"count":0,"href":"https:\/\/www.nbamaniacs.com\/de\/wp-json\/wp\/v2\/posts\/407185\/revisions"}],"wp:featuredmedia":[{"embeddable":true,"href":"https:\/\/www.nbamaniacs.com\/de\/wp-json\/wp\/v2\/media\/407176"}],"wp:attachment":[{"href":"https:\/\/www.nbamaniacs.com\/de\/wp-json\/wp\/v2\/media?parent=407185"}],"wp:term":[{"taxonomy":"category","embeddable":true,"href":"https:\/\/www.nbamaniacs.com\/de\/wp-json\/wp\/v2\/categories?post=407185"},{"taxonomy":"post_tag","embeddable":true,"href":"https:\/\/www.nbamaniacs.com\/de\/wp-json\/wp\/v2\/tags?post=407185"}],"curies":[{"name":"wp","href":"https:\/\/api.w.org\/{rel}","templated":true}]}}