{"id":407227,"date":"2025-05-03T06:30:00","date_gmt":"2025-05-03T04:30:00","guid":{"rendered":"https:\/\/www.nbamaniacs.com\/de\/nachrichten\/bucks-star-giannis-zieht-alle-blicke-auf-sich\/"},"modified":"2025-06-11T11:21:27","modified_gmt":"2025-06-11T09:21:27","slug":"bucks-star-giannis-zieht-alle-blicke-auf-sich","status":"publish","type":"post","link":"https:\/\/www.nbamaniacs.com\/de\/geruchte\/bucks-star-giannis-zieht-alle-blicke-auf-sich\/","title":{"rendered":"Bucks-Star Giannis zieht alle Blicke auf sich"},"content":{"rendered":"<p>In den laufenden NBA-Playoffs steht noch viel auf dem Spiel, doch die Ger\u00fcchte f\u00fcr den Sommer halten deswegen nicht inne. Viele haben Milwaukees Bucks-Star Giannis Antetokounmpo bereits rot eingekreist, in der Erwartung, dass er zum gro\u00dfen Schlagzeilenmacher wird.<\/p>\n<p>Der griechische Star wird schon seit geraumer Zeit als potenzielles Trade-Ziel gehandelt. Niemand zweifelt an seinem Wert, und die Franchise aus Wisconsin will ihn offensichtlich nicht verlieren. Aber es ist eine andere Geschichte, wenn er selbst darum bittet, das Team zu verlassen\u2026<\/p>\n<p>Vor diesem Hintergrund und ohne zu wissen, was als N\u00e4chstes passiert, werden <a href=\"https:\/\/www.nbamaniacs.com\/de\/nachrichten\/giannis-entscheidung-ueber-zukunft-beim-schluesselmeeting\/\" target=\"_blank\" rel=\"noreferrer noopener\">Organisation und Spieler sich in den kommenden Tagen zusammensetzen<\/a>, um \u00fcber seine Zukunft zu sprechen. Und da durchaus die M\u00f6glichkeit besteht, dass Antetokounmpo in ein paar Monaten ein neues Team sucht, \u00fcberrascht es nicht, dass mehrere Franchises ihn fest im Visier haben.<\/p>\n<p>Obwohl jedes Team ihn liebend gern verpflichten w\u00fcrde, fallen einige Namen h\u00e4ufiger. Bill Simmons erw\u00e4hnte vor ein paar Tagen die Houston Rockets und bezeichnete sie sogar als Favoriten. Auch die Brooklyn Nets nannte er, die \u00fcber genug Assets verf\u00fcgen, um die Bucks zu \u00fcberzeugen. Aber nun kommt mindestens ein dritter Interessent ins Spiel.<\/p>\n<p>Laut Brian Windhorst von <em>ESPN<\/em> sind die San Antonio Spurs ebenfalls nicht zu untersch\u00e4tzen. Sie beobachten die Situation rund um The Greek Freak ganz genau, falls er irgendwann auf dem Markt landet.<\/p>\n<h2 class=\"wp-block-heading\">Giannis plus Wemby?<\/h2>\n<p>Genau das k\u00f6nnte man sich in San Antonio vorstellen. Schon Victor Wembanyama ist dank seiner k\u00f6rperlichen Voraussetzungen ein Spektakel. Ihn mit Antetokounmpo, einem weiteren athletischen Ph\u00e4nomen, zu paaren, klingt beinahe unreal. Es ist noch unklar, wie gut Wembanyama sich von der <a href=\"https:\/\/www.nbamaniacs.com\/de\/geruchte\/victor-wembanyama-verpasst-die-gesamte-saison\/\" target=\"_blank\" rel=\"noreferrer noopener\">tiefen Venenthrombose in seiner rechten Schulter<\/a> erholen wird, doch alles deutet darauf hin, dass der Franzose zur Saison 2025\u201326 bereit sein wird.<\/p>\n<p><em>(Foto von Benny Sieu-Imagn Images)<\/em><\/p>\n","protected":false},"excerpt":{"rendered":"<p>In den laufenden NBA-Playoffs steht noch viel auf dem Spiel, doch die Ger\u00fcchte f\u00fcr den Sommer halten deswegen nicht inne. Viele haben Milwaukees Bucks-Star Giannis &#8230; <a title=\"Bucks-Star Giannis zieht alle Blicke auf sich\" class=\"read-more\" href=\"https:\/\/www.nbamaniacs.com\/de\/geruchte\/bucks-star-giannis-zieht-alle-blicke-auf-sich\/\" aria-label=\"Mehr Informationen \u00fcber Bucks-Star Giannis zieht alle Blicke auf sich\">Mehr lesen<\/a><\/p>\n","protected":false},"author":14497,"featured_media":407211,"comment_status":"open","ping_status":"closed","sticky":false,"template":"","format":"standard","meta":{"ub_ctt_via":"","footnotes":""},"categories":[588],"tags":[1698,229],"class_list":["post-407227","post","type-post","status-publish","format-standard","has-post-thumbnail","hentry","category-geruchte","tag-giannis-antetokounmpo","tag-milwaukee-bucks","no-featured-image-padding","resize-featured-image"],"featured_image_src":"https:\/\/www.nbamaniacs.com\/de\/wp-content\/uploads\/2025\/06\/giannis-antetokounmpo-erobert-die-samstagsshow.jpg","author_info":{"display_name":"Niko Jens Schwann","author_link":"https:\/\/www.nbamaniacs.com\/de\/autor\/niko-jens-schwann\/"},"_links":{"self":[{"href":"https:\/\/www.nbamaniacs.com\/de\/wp-json\/wp\/v2\/posts\/407227","targetHints":{"allow":["GET"]}}],"collection":[{"href":"https:\/\/www.nbamaniacs.com\/de\/wp-json\/wp\/v2\/posts"}],"about":[{"href":"https:\/\/www.nbamaniacs.com\/de\/wp-json\/wp\/v2\/types\/post"}],"author":[{"embeddable":true,"href":"https:\/\/www.nbamaniacs.com\/de\/wp-json\/wp\/v2\/users\/14497"}],"replies":[{"embeddable":true,"href":"https:\/\/www.nbamaniacs.com\/de\/wp-json\/wp\/v2\/comments?post=407227"}],"version-history":[{"count":1,"href":"https:\/\/www.nbamaniacs.com\/de\/wp-json\/wp\/v2\/posts\/407227\/revisions"}],"predecessor-version":[{"id":410019,"href":"https:\/\/www.nbamaniacs.com\/de\/wp-json\/wp\/v2\/posts\/407227\/revisions\/410019"}],"wp:featuredmedia":[{"embeddable":true,"href":"https:\/\/www.nbamaniacs.com\/de\/wp-json\/wp\/v2\/media\/407211"}],"wp:attachment":[{"href":"https:\/\/www.nbamaniacs.com\/de\/wp-json\/wp\/v2\/media?parent=407227"}],"wp:term":[{"taxonomy":"category","embeddable":true,"href":"https:\/\/www.nbamaniacs.com\/de\/wp-json\/wp\/v2\/categories?post=407227"},{"taxonomy":"post_tag","embeddable":true,"href":"https:\/\/www.nbamaniacs.com\/de\/wp-json\/wp\/v2\/tags?post=407227"}],"curies":[{"name":"wp","href":"https:\/\/api.w.org\/{rel}","templated":true}]}}