{"id":407283,"date":"2025-04-17T18:33:22","date_gmt":"2025-04-17T16:33:22","guid":{"rendered":"https:\/\/www.nbamaniacs.com\/de\/nachrichten\/sacramento-verpflichtet-scott-perry-als-general-manager\/"},"modified":"2025-04-17T18:33:22","modified_gmt":"2025-04-17T16:33:22","slug":"sacramento-verpflichtet-scott-perry-als-general-manager","status":"publish","type":"post","link":"https:\/\/www.nbamaniacs.com\/de\/geruchte\/sacramento-verpflichtet-scott-perry-als-general-manager\/","title":{"rendered":"Sacramento verpflichtet Scott Perry als General Manager"},"content":{"rendered":"<p>Die Sacramento Kings warteten nicht einmal einen ganzen Tag nach der Entlassung von Monte McNair, ehe sie seinen Nachfolger pr\u00e4sentierten.<\/p>\n<p>Sie entschieden sich schlie\u00dflich f\u00fcr ein bekanntes Gesicht: Scott Perry, ein fr\u00fcherer Manager der Orlando Magic und der New York Knicks.<\/p>\n<p>In den vergangenen Stunden wurde das Team in Berichten sowohl mit Calvin Booth (ehemals in Denver) als auch mit dem bereits erw\u00e4hnten Perry in Verbindung gebracht.<\/p>\n<p>Perry \u00fcbernahm den Posten mit dem Ziel, die Kings wieder ins Playoff-Rennen zu bringen. Beide Seiten feilen laut Quellen aus dem Umfeld derzeit an einem langfristigen Vertrag.<\/p>\n<p>Perry, 61, begann in der Saison 2007\/08 als Assistant General Manager bei den Seattle SuperSonics und arbeitete sich stetig in der NBA nach oben.<\/p>\n<p>Seinen ersten gro\u00dfen Karrieresprung machte er im Juni 2012 bei den Orlando Magic. F\u00fcnf Jahre sp\u00e4ter wurde er von den Kings verpflichtet, seit 2017 war er bei den New York Knicks.<\/p>\n<p><em>(Cover photo: Imagn Images)<\/em><\/p>\n","protected":false},"excerpt":{"rendered":"<p>Die Sacramento Kings warteten nicht einmal einen ganzen Tag nach der Entlassung von Monte McNair, ehe sie seinen Nachfolger pr\u00e4sentierten. Sie entschieden sich schlie\u00dflich f\u00fcr &#8230; <a title=\"Sacramento verpflichtet Scott Perry als General Manager\" class=\"read-more\" href=\"https:\/\/www.nbamaniacs.com\/de\/geruchte\/sacramento-verpflichtet-scott-perry-als-general-manager\/\" aria-label=\"Mehr Informationen \u00fcber Sacramento verpflichtet Scott Perry als General Manager\">Mehr lesen<\/a><\/p>\n","protected":false},"author":14497,"featured_media":407273,"comment_status":"open","ping_status":"closed","sticky":false,"template":"","format":"standard","meta":{"ub_ctt_via":"","footnotes":""},"categories":[588],"tags":[45,44,3592],"class_list":["post-407283","post","type-post","status-publish","format-standard","has-post-thumbnail","hentry","category-geruchte","tag-new-york-knicks","tag-sacramento-kings","tag-scott-perry","no-featured-image-padding","resize-featured-image"],"featured_image_src":"https:\/\/www.nbamaniacs.com\/de\/wp-content\/uploads\/2025\/06\/spanische-headline-fehlt-32.jpg","author_info":{"display_name":"Niko Jens Schwann","author_link":"https:\/\/www.nbamaniacs.com\/de\/autor\/niko-jens-schwann\/"},"_links":{"self":[{"href":"https:\/\/www.nbamaniacs.com\/de\/wp-json\/wp\/v2\/posts\/407283","targetHints":{"allow":["GET"]}}],"collection":[{"href":"https:\/\/www.nbamaniacs.com\/de\/wp-json\/wp\/v2\/posts"}],"about":[{"href":"https:\/\/www.nbamaniacs.com\/de\/wp-json\/wp\/v2\/types\/post"}],"author":[{"embeddable":true,"href":"https:\/\/www.nbamaniacs.com\/de\/wp-json\/wp\/v2\/users\/14497"}],"replies":[{"embeddable":true,"href":"https:\/\/www.nbamaniacs.com\/de\/wp-json\/wp\/v2\/comments?post=407283"}],"version-history":[{"count":0,"href":"https:\/\/www.nbamaniacs.com\/de\/wp-json\/wp\/v2\/posts\/407283\/revisions"}],"wp:featuredmedia":[{"embeddable":true,"href":"https:\/\/www.nbamaniacs.com\/de\/wp-json\/wp\/v2\/media\/407273"}],"wp:attachment":[{"href":"https:\/\/www.nbamaniacs.com\/de\/wp-json\/wp\/v2\/media?parent=407283"}],"wp:term":[{"taxonomy":"category","embeddable":true,"href":"https:\/\/www.nbamaniacs.com\/de\/wp-json\/wp\/v2\/categories?post=407283"},{"taxonomy":"post_tag","embeddable":true,"href":"https:\/\/www.nbamaniacs.com\/de\/wp-json\/wp\/v2\/tags?post=407283"}],"curies":[{"name":"wp","href":"https:\/\/api.w.org\/{rel}","templated":true}]}}