{"id":407304,"date":"2025-04-11T17:00:00","date_gmt":"2025-04-11T15:00:00","guid":{"rendered":"https:\/\/www.nbamaniacs.com\/de\/nachrichten\/raptors-befoerdern-a-j-lawson\/"},"modified":"2025-04-11T17:00:00","modified_gmt":"2025-04-11T15:00:00","slug":"raptors-befoerdern-a-j-lawson","status":"publish","type":"post","link":"https:\/\/www.nbamaniacs.com\/de\/geruchte\/raptors-befoerdern-a-j-lawson\/","title":{"rendered":"Raptors bef\u00f6rdern A.J. Lawson"},"content":{"rendered":"<p>Die Toronto Raptors haben A.J. Lawson laut ESPN-Reporter Shams Charania mit einem regul\u00e4ren Zweijahresvertrag ausgestattet.<\/p>\n<p>Der 24-j\u00e4hrige Lawson stammt aus Ontario. Im Dezember unterschrieb er einen Two-Way-Vertrag bei der kanadischen Franchise, nachdem er das Trainingscamp absolviert und die letzte Saison und eine halbe bei den Dallas Mavericks verbracht hatte. In dieser Spielzeit stand er in 24 Partien auf dem Parkett und erzielt im Schnitt 8,8 Punkte, 3,2 Rebounds und 18,0 Minuten Einsatzzeit.<\/p>\n<p>Zuvor entlie\u00dfen die Raptors Orlando Robinson und Cole Swider und machten dadurch zwei regul\u00e4re Kaderpl\u00e4tze frei. Einen davon besetzt nun Lawson.<\/p>\n<p><em>(Cover photo by Gregory Fisher-Imagn Images)<\/em><\/p>\n","protected":false},"excerpt":{"rendered":"<p>Die Toronto Raptors haben A.J. Lawson laut ESPN-Reporter Shams Charania mit einem regul\u00e4ren Zweijahresvertrag ausgestattet. Der 24-j\u00e4hrige Lawson stammt aus Ontario. Im Dezember unterschrieb er &#8230; <a title=\"Raptors bef\u00f6rdern A.J. Lawson\" class=\"read-more\" href=\"https:\/\/www.nbamaniacs.com\/de\/geruchte\/raptors-befoerdern-a-j-lawson\/\" aria-label=\"Mehr Informationen \u00fcber Raptors bef\u00f6rdern A.J. Lawson\">Mehr lesen<\/a><\/p>\n","protected":false},"author":14497,"featured_media":407292,"comment_status":"open","ping_status":"closed","sticky":false,"template":"","format":"standard","meta":{"ub_ctt_via":"","footnotes":""},"categories":[588],"tags":[66],"class_list":["post-407304","post","type-post","status-publish","format-standard","has-post-thumbnail","hentry","category-geruchte","tag-toronto-raptors","no-featured-image-padding","resize-featured-image"],"featured_image_src":"https:\/\/www.nbamaniacs.com\/de\/wp-content\/uploads\/2025\/06\/aj-lawson-verst-arkt-die-toronto-raptors.jpg","author_info":{"display_name":"Niko Jens Schwann","author_link":"https:\/\/www.nbamaniacs.com\/de\/autor\/niko-jens-schwann\/"},"_links":{"self":[{"href":"https:\/\/www.nbamaniacs.com\/de\/wp-json\/wp\/v2\/posts\/407304","targetHints":{"allow":["GET"]}}],"collection":[{"href":"https:\/\/www.nbamaniacs.com\/de\/wp-json\/wp\/v2\/posts"}],"about":[{"href":"https:\/\/www.nbamaniacs.com\/de\/wp-json\/wp\/v2\/types\/post"}],"author":[{"embeddable":true,"href":"https:\/\/www.nbamaniacs.com\/de\/wp-json\/wp\/v2\/users\/14497"}],"replies":[{"embeddable":true,"href":"https:\/\/www.nbamaniacs.com\/de\/wp-json\/wp\/v2\/comments?post=407304"}],"version-history":[{"count":0,"href":"https:\/\/www.nbamaniacs.com\/de\/wp-json\/wp\/v2\/posts\/407304\/revisions"}],"wp:featuredmedia":[{"embeddable":true,"href":"https:\/\/www.nbamaniacs.com\/de\/wp-json\/wp\/v2\/media\/407292"}],"wp:attachment":[{"href":"https:\/\/www.nbamaniacs.com\/de\/wp-json\/wp\/v2\/media?parent=407304"}],"wp:term":[{"taxonomy":"category","embeddable":true,"href":"https:\/\/www.nbamaniacs.com\/de\/wp-json\/wp\/v2\/categories?post=407304"},{"taxonomy":"post_tag","embeddable":true,"href":"https:\/\/www.nbamaniacs.com\/de\/wp-json\/wp\/v2\/tags?post=407304"}],"curies":[{"name":"wp","href":"https:\/\/api.w.org\/{rel}","templated":true}]}}