{"id":407613,"date":"2025-01-31T19:00:00","date_gmt":"2025-01-31T18:00:00","guid":{"rendered":"https:\/\/www.nbamaniacs.com\/de\/nachrichten\/derozan-erwaegt-abschied-falls-fox-getradet-wird\/"},"modified":"2025-01-31T19:00:00","modified_gmt":"2025-01-31T18:00:00","slug":"derozan-erwaegt-abschied-falls-fox-getradet-wird","status":"publish","type":"post","link":"https:\/\/www.nbamaniacs.com\/de\/geruchte\/derozan-erwaegt-abschied-falls-fox-getradet-wird\/","title":{"rendered":"DeRozan erw\u00e4gt Abschied, falls Fox getradet wird"},"content":{"rendered":"<p>Wir werden sehen, was von jetzt bis zur n\u00e4chsten Trade Deadline passiert. Die Situation der Kings wirkt auf jeden Fall spannend.<\/p>\n<p>Zus\u00e4tzlich zu den j\u00fcngsten (und wachsenden) Ger\u00fcchten \u00fcber einen m\u00f6glichen De\u2019Aaron-Fox-Trade vor der Deadline \u2013 weil man bef\u00fcrchtet, er k\u00f6nnte ohne Gegenleistung wechseln \u2013 k\u00f6nnte auch ein weiterer Spieler das kalifornische Team verlassen: DeMar DeRozan.<\/p>\n<p>Der Spieler selbst hat das k\u00fcrzlich im <em>The Fan Duel<\/em> Podcast best\u00e4tigt.<\/p>\n<p>\u201eIch plane nicht, noch weitere f\u00fcnf Jahre zu spielen, also will ich diese Chance voll auskosten, Teil eines gro\u00dfartigen Teams zu sein\u201c, sagte DeRozan.<\/p>\n<div style=\"height:33px\" aria-hidden=\"true\" class=\"wp-block-spacer\"><\/div>\n<blockquote class=\"twitter-tweet\" data-media-max-width=\"560\">\n<p lang=\"en\" dir=\"ltr\">DeMar DeRozan on his future with the Kings if De\u2019Aaron Fox is traded:<\/p>\n<p>\u201cI\u2019m not trying to play another 5 years. I\u2019m trying to maximize the opportunity we have now to play with a great team.\u201d<\/p>\n<p>(via <a href=\"https:\/\/twitter.com\/RunItBackFDTV?ref_src=twsrc%5Etfw\" target=\"_blank\" rel=\"noopener nofollow\">@RunItBackFDTV<\/a>)<a href=\"https:\/\/t.co\/NnIWKvpPw2\" target=\"_blank\" rel=\"nofollow\">pic.twitter.com\/NnIWKvpPw2<\/a><\/p>\n<p>&mdash; Legion Hoops (@LegionHoops) <a href=\"https:\/\/twitter.com\/LegionHoops\/status\/1885032008742830320?ref_src=twsrc%5Etfw\" target=\"_blank\" rel=\"noopener nofollow\">January 30, 2025<\/a><\/p><\/blockquote>\n<p> <script async src=\"https:\/\/platform.twitter.com\/widgets.js\" charset=\"utf-8\"><\/script><\/p>\n<div style=\"height:33px\" aria-hidden=\"true\" class=\"wp-block-spacer\"><\/div>\n<p>Der Shooting Guard kam in diesem Sommer im Rahmen eines Drei-Team-Trades nach Sacramento, an dem auch die San Antonio Spurs und die Chicago Bulls beteiligt waren.<\/p>\n<p>Er hat in seinem Vertrag noch diese Saison plus zwei weitere Jahre. Gesamtwert: 50 Millionen Dollar.<\/p>\n<p>Bisher in dieser Saison hat er 42 Spiele (alle als Starter) absolviert. Dabei legt er im Schnitt 21,6 Punkte, 3,8 Rebounds und 3,6 Assists pro Spiel auf.<\/p>\n<p><em>(Titelbild: Imagn Images)<\/em><\/p>\n","protected":false},"excerpt":{"rendered":"<p>Wir werden sehen, was von jetzt bis zur n\u00e4chsten Trade Deadline passiert. Die Situation der Kings wirkt auf jeden Fall spannend. Zus\u00e4tzlich zu den j\u00fcngsten &#8230; <a title=\"DeRozan erw\u00e4gt Abschied, falls Fox getradet wird\" class=\"read-more\" href=\"https:\/\/www.nbamaniacs.com\/de\/geruchte\/derozan-erwaegt-abschied-falls-fox-getradet-wird\/\" aria-label=\"Mehr Informationen \u00fcber DeRozan erw\u00e4gt Abschied, falls Fox getradet wird\">Mehr lesen<\/a><\/p>\n","protected":false},"author":14497,"featured_media":407601,"comment_status":"open","ping_status":"closed","sticky":false,"template":"","format":"standard","meta":{"ub_ctt_via":"","footnotes":""},"categories":[588],"tags":[3600,315,44],"class_list":["post-407613","post","type-post","status-publish","format-standard","has-post-thumbnail","hentry","category-geruchte","tag-deaaron-fox","tag-demar-derozan","tag-sacramento-kings","no-featured-image-padding","resize-featured-image"],"featured_image_src":"https:\/\/www.nbamaniacs.com\/de\/wp-content\/uploads\/2025\/06\/kein-spanischer-text-zur-bersetzung-gefunden-9.jpg","author_info":{"display_name":"Niko Jens Schwann","author_link":"https:\/\/www.nbamaniacs.com\/de\/autor\/niko-jens-schwann\/"},"_links":{"self":[{"href":"https:\/\/www.nbamaniacs.com\/de\/wp-json\/wp\/v2\/posts\/407613","targetHints":{"allow":["GET"]}}],"collection":[{"href":"https:\/\/www.nbamaniacs.com\/de\/wp-json\/wp\/v2\/posts"}],"about":[{"href":"https:\/\/www.nbamaniacs.com\/de\/wp-json\/wp\/v2\/types\/post"}],"author":[{"embeddable":true,"href":"https:\/\/www.nbamaniacs.com\/de\/wp-json\/wp\/v2\/users\/14497"}],"replies":[{"embeddable":true,"href":"https:\/\/www.nbamaniacs.com\/de\/wp-json\/wp\/v2\/comments?post=407613"}],"version-history":[{"count":0,"href":"https:\/\/www.nbamaniacs.com\/de\/wp-json\/wp\/v2\/posts\/407613\/revisions"}],"wp:featuredmedia":[{"embeddable":true,"href":"https:\/\/www.nbamaniacs.com\/de\/wp-json\/wp\/v2\/media\/407601"}],"wp:attachment":[{"href":"https:\/\/www.nbamaniacs.com\/de\/wp-json\/wp\/v2\/media?parent=407613"}],"wp:term":[{"taxonomy":"category","embeddable":true,"href":"https:\/\/www.nbamaniacs.com\/de\/wp-json\/wp\/v2\/categories?post=407613"},{"taxonomy":"post_tag","embeddable":true,"href":"https:\/\/www.nbamaniacs.com\/de\/wp-json\/wp\/v2\/tags?post=407613"}],"curies":[{"name":"wp","href":"https:\/\/api.w.org\/{rel}","templated":true}]}}