{"id":407639,"date":"2025-01-24T20:00:00","date_gmt":"2025-01-24T19:00:00","guid":{"rendered":"https:\/\/www.nbamaniacs.com\/de\/nachrichten\/zach-lavine-bekennt-sich-zu-den-bulls\/"},"modified":"2025-01-24T20:00:00","modified_gmt":"2025-01-24T19:00:00","slug":"zach-lavine-bekennt-sich-zu-den-bulls","status":"publish","type":"post","link":"https:\/\/www.nbamaniacs.com\/de\/geruchte\/zach-lavine-bekennt-sich-zu-den-bulls\/","title":{"rendered":"Zach LaVine bekennt sich zu den Bulls"},"content":{"rendered":"<p>Zach LaVine hat erlebt, wie sein Name regelm\u00e4\u00dfig in NBA-Trade-Ger\u00fcchten auftaucht \u2013 nicht nur in den letzten Monaten, sondern schon in den vergangenen Spielzeiten. Obwohl sowohl die Chicago Bulls, sein aktuelles Team, als auch er selbst im Sommer den Wunsch hatten, getrennte Wege zu gehen, hat der zweifache All-Star seine Meinung ge\u00e4ndert.<\/p>\n<p>Laut Reporter Jake Fischer will LaVine \u00fcber die Trade-Deadline am 6. Februar hinaus bei den Bulls bleiben, auch wenn er offenkundig keine Kontrolle \u00fcber seine Zukunft hat. Tats\u00e4chlich hat Chicagos Front Office nie damit aufgeh\u00f6rt, m\u00f6gliche Deals auszuloten, um ihn abzugeben. Das Problem: Sein Vertrag \u2013 noch zwei Jahre f\u00fcr insgesamt 94,9 Millionen Dollar \u2013 erschwert es, einen Abnehmer zu finden.<\/p>\n<p>LaVine wurde zudem als zentrales Puzzleteil in einem m\u00f6glichen Multi-Team-Deal gehandelt, an dem auch Bradley Beal und Jimmy Butler beteiligt sein k\u00f6nnten. Doch dieses Szenario ist extrem schwer umzusetzen.<\/p>\n<p>Die Bulls steuern erneut auf eine Saison im Niemandsland zu, also ist es sinnvoll, einige Veteranen abzugeben, um in der Tabelle etwas abzurutschen. Nicht nur zum Spa\u00df, sondern weil sie einen der zehn schlechtesten Bilanzen der NBA brauchen, um ihren 2025er <em>pick<\/em> nicht an <s>Oklahoma City<\/s> San Antonio Spurs zu verlieren.<\/p>\n<p>Derzeit stehen sie mit einer 19-26-Bilanz als neunt-schlechtestes Team der Liga da. Doch sie wollen ihr Gl\u00fcck nicht \u00fcberstrapazieren.<\/p>\n<h2 class=\"wp-block-heading\">LaVine: Kaum etwas zu kritisieren auf dem Court <\/h2>\n<p>Mit 29 Jahren zeigt LaVine eine starke Einzelleistung, nachdem er den Gro\u00dfteil der letzten Saison wegen einer Fu\u00dfverletzung verpasste, die eine Operation n\u00f6tig machte. In 40 Spielen kommt er auf 24,0 Punkte, 4,8 Rebounds, 4,5 Assists und 34,0 Minuten.<\/p>\n<p>Bulls-Head-Coach Billy Donovan lobt ihn immer wieder f\u00fcr seine positive Einstellung, die Bereitschaft, sich an Ver\u00e4nderungen im Team anzupassen, und daf\u00fcr, pers\u00f6nliche Bequemlichkeit zugunsten des Kollektivs aufzugeben. Das Problem: Trotz all dem scheint dieses Bulls-Roster lediglich f\u00fcr das <em>play-in<\/em> bestimmt zu sein.<\/p>\n<p><em>(Cover photo by Troy Wayrynen-Imagn Images)<\/em><\/p>\n","protected":false},"excerpt":{"rendered":"<p>Zach LaVine hat erlebt, wie sein Name regelm\u00e4\u00dfig in NBA-Trade-Ger\u00fcchten auftaucht \u2013 nicht nur in den letzten Monaten, sondern schon in den vergangenen Spielzeiten. Obwohl &#8230; <a title=\"Zach LaVine bekennt sich zu den Bulls\" class=\"read-more\" href=\"https:\/\/www.nbamaniacs.com\/de\/geruchte\/zach-lavine-bekennt-sich-zu-den-bulls\/\" aria-label=\"Mehr Informationen \u00fcber Zach LaVine bekennt sich zu den Bulls\">Mehr lesen<\/a><\/p>\n","protected":false},"author":14497,"featured_media":407621,"comment_status":"open","ping_status":"closed","sticky":false,"template":"","format":"standard","meta":{"ub_ctt_via":"","footnotes":""},"categories":[588],"tags":[18,2365],"class_list":["post-407639","post","type-post","status-publish","format-standard","has-post-thumbnail","hentry","category-geruchte","tag-chicago-bulls","tag-zach-lavine","no-featured-image-padding","resize-featured-image"],"featured_image_src":"https:\/\/www.nbamaniacs.com\/de\/wp-content\/uploads\/2025\/06\/celtics-deklassieren-heat-im-heimspiel.jpg","author_info":{"display_name":"Niko Jens Schwann","author_link":"https:\/\/www.nbamaniacs.com\/de\/autor\/niko-jens-schwann\/"},"_links":{"self":[{"href":"https:\/\/www.nbamaniacs.com\/de\/wp-json\/wp\/v2\/posts\/407639","targetHints":{"allow":["GET"]}}],"collection":[{"href":"https:\/\/www.nbamaniacs.com\/de\/wp-json\/wp\/v2\/posts"}],"about":[{"href":"https:\/\/www.nbamaniacs.com\/de\/wp-json\/wp\/v2\/types\/post"}],"author":[{"embeddable":true,"href":"https:\/\/www.nbamaniacs.com\/de\/wp-json\/wp\/v2\/users\/14497"}],"replies":[{"embeddable":true,"href":"https:\/\/www.nbamaniacs.com\/de\/wp-json\/wp\/v2\/comments?post=407639"}],"version-history":[{"count":0,"href":"https:\/\/www.nbamaniacs.com\/de\/wp-json\/wp\/v2\/posts\/407639\/revisions"}],"wp:featuredmedia":[{"embeddable":true,"href":"https:\/\/www.nbamaniacs.com\/de\/wp-json\/wp\/v2\/media\/407621"}],"wp:attachment":[{"href":"https:\/\/www.nbamaniacs.com\/de\/wp-json\/wp\/v2\/media?parent=407639"}],"wp:term":[{"taxonomy":"category","embeddable":true,"href":"https:\/\/www.nbamaniacs.com\/de\/wp-json\/wp\/v2\/categories?post=407639"},{"taxonomy":"post_tag","embeddable":true,"href":"https:\/\/www.nbamaniacs.com\/de\/wp-json\/wp\/v2\/tags?post=407639"}],"curies":[{"name":"wp","href":"https:\/\/api.w.org\/{rel}","templated":true}]}}