{"id":407697,"date":"2025-01-14T20:00:00","date_gmt":"2025-01-14T19:00:00","guid":{"rendered":"https:\/\/www.nbamaniacs.com\/de\/nachrichten\/wizards-legen-valanciunas-preis-fest\/"},"modified":"2025-01-14T20:00:00","modified_gmt":"2025-01-14T19:00:00","slug":"wizards-legen-valanciunas-preis-fest","status":"publish","type":"post","link":"https:\/\/www.nbamaniacs.com\/de\/geruchte\/wizards-legen-valanciunas-preis-fest\/","title":{"rendered":"Wizards legen Valanciunas-Preis fest"},"content":{"rendered":"<p>Nur ein paar Monate, nachdem sie ihm einen Dreijahresvertrag \u00fcber etwas mehr als 30 Millionen Dollar gegeben haben, haben die Wizards Jonas Valanciunas bereits ein Preisschild verpasst. Und das ist nicht besonders hoch. Laut <a href=\"https:\/\/www.nytimes.com\/athletic\/6059442\/2025\/01\/14\/jonas-valanciunas-trade-wizards\/?source=user_shared_article&amp;utm_content=buffer43187&amp;utm_medium=social&amp;utm_source=twitter.com&amp;utm_campaign=buffer\" target=\"_blank\" rel=\"noreferrer noopener nofollow\">David Aldridge<\/a> heute in <em>The Athletic<\/em> hofft Washington auf ein oder zwei Erstrundenpicks. Inzwischen k\u00f6nnten sie sich aber wom\u00f6glich mit ein paar oder sogar drei Zweitrundenpicks zufriedengeben, falls der Litauer schlie\u00dflich doch geht.<\/p>\n<p>Die beiden Hauptziele f\u00fcr das Team in der Hauptstadt sind, k\u00fcnftige Gehaltsflexibilit\u00e4t nicht zu gef\u00e4hrden und sich junges Talent oder Draftpicks zu sichern. Tats\u00e4chlich besteht durch die verbleibenden zweieinhalb Jahre in Valanciunas\u2019 aktuellem Vertrag kein akuter Zeitdruck. Doch wenn der Preis jetzt festgesetzt wird, sinkt er mit gro\u00dfer Wahrscheinlichkeit im Lauf der Zeit.<\/p>\n<h2 class=\"wp-block-heading\">Geringere Rolle und Erwartungen<\/h2>\n<p>Der Center ist 32, und sein Leistungsabfall in den letzten zwei Saisons ist un\u00fcbersehbar. Valanciunas kann wohl bei einem Titelanw\u00e4rter nicht mehr als Starter auflaufen. Er muss sich mit einem Platz in der Rotation zufriedengeben \u2013 und k\u00f6nnte in den Playoffs sogar gar keine Einsatzzeit sehen, wenn er in einem konkurrenzf\u00e4higen Team spielen will. Gro\u00dfe Begeisterung f\u00fcr die Trade Deadline zeigt er jedenfalls nicht.<\/p>\n<p>\u00abIch werde mein Handy ausschalten [lacht]. Ich rede mit meinen Leuten. Ehrlich gesagt geh\u00f6rt das zum Job. Man rechnet immer mit allem, solange man hier arbeitet. Ich komme jeden Tag und stecke all meine Energie rein. In jedem Spiel gebe ich 100%. Mehr kann ich nicht tun, und genau das mache ich. Auf [Trades] habe ich keinen Einfluss\u00bb, sagt er in <em>The Athletic<\/em>.<\/p>\n<p><em>(Titelbild von Bill Streicher-Imagn)<\/em><\/p><\/p>\n","protected":false},"excerpt":{"rendered":"<p>Nur ein paar Monate, nachdem sie ihm einen Dreijahresvertrag \u00fcber etwas mehr als 30 Millionen Dollar gegeben haben, haben die Wizards Jonas Valanciunas bereits ein &#8230; <a title=\"Wizards legen Valanciunas-Preis fest\" class=\"read-more\" href=\"https:\/\/www.nbamaniacs.com\/de\/geruchte\/wizards-legen-valanciunas-preis-fest\/\" aria-label=\"Mehr Informationen \u00fcber Wizards legen Valanciunas-Preis fest\">Mehr lesen<\/a><\/p>\n","protected":false},"author":14497,"featured_media":407691,"comment_status":"open","ping_status":"closed","sticky":false,"template":"","format":"standard","meta":{"ub_ctt_via":"","footnotes":""},"categories":[588],"tags":[760,81],"class_list":["post-407697","post","type-post","status-publish","format-standard","has-post-thumbnail","hentry","category-geruchte","tag-jonas-valanciunas","tag-washington-wizards","no-featured-image-padding","resize-featured-image"],"featured_image_src":"https:\/\/www.nbamaniacs.com\/de\/wp-content\/uploads\/2025\/06\/keine-spanische-schlagzeile-vorhanden-74.jpg","author_info":{"display_name":"Niko Jens Schwann","author_link":"https:\/\/www.nbamaniacs.com\/de\/autor\/niko-jens-schwann\/"},"_links":{"self":[{"href":"https:\/\/www.nbamaniacs.com\/de\/wp-json\/wp\/v2\/posts\/407697","targetHints":{"allow":["GET"]}}],"collection":[{"href":"https:\/\/www.nbamaniacs.com\/de\/wp-json\/wp\/v2\/posts"}],"about":[{"href":"https:\/\/www.nbamaniacs.com\/de\/wp-json\/wp\/v2\/types\/post"}],"author":[{"embeddable":true,"href":"https:\/\/www.nbamaniacs.com\/de\/wp-json\/wp\/v2\/users\/14497"}],"replies":[{"embeddable":true,"href":"https:\/\/www.nbamaniacs.com\/de\/wp-json\/wp\/v2\/comments?post=407697"}],"version-history":[{"count":0,"href":"https:\/\/www.nbamaniacs.com\/de\/wp-json\/wp\/v2\/posts\/407697\/revisions"}],"wp:featuredmedia":[{"embeddable":true,"href":"https:\/\/www.nbamaniacs.com\/de\/wp-json\/wp\/v2\/media\/407691"}],"wp:attachment":[{"href":"https:\/\/www.nbamaniacs.com\/de\/wp-json\/wp\/v2\/media?parent=407697"}],"wp:term":[{"taxonomy":"category","embeddable":true,"href":"https:\/\/www.nbamaniacs.com\/de\/wp-json\/wp\/v2\/categories?post=407697"},{"taxonomy":"post_tag","embeddable":true,"href":"https:\/\/www.nbamaniacs.com\/de\/wp-json\/wp\/v2\/tags?post=407697"}],"curies":[{"name":"wp","href":"https:\/\/api.w.org\/{rel}","templated":true}]}}