{"id":407764,"date":"2025-01-02T19:45:12","date_gmt":"2025-01-02T18:45:12","guid":{"rendered":"https:\/\/www.nbamaniacs.com\/de\/nachrichten\/lakers-peilen-neuen-trade-kandidaten-an\/"},"modified":"2025-06-12T12:37:48","modified_gmt":"2025-06-12T10:37:48","slug":"lakers-peilen-neuen-trade-kandidaten-an","status":"publish","type":"post","link":"https:\/\/www.nbamaniacs.com\/de\/geruchte\/lakers-peilen-neuen-trade-kandidaten-an\/","title":{"rendered":"Lakers peilen neuen Trade-Kandidaten an"},"content":{"rendered":"<p>Die Los Angeles Lakers machten am Montag ihren ersten Move auf dem Markt, indem sie <a href=\"https:\/\/www.nbamaniacs.com\/de\/nachrichten\/lakers-holen-finney-smith-trade-steht\/\" target=\"_blank\" rel=\"noreferrer noopener\">die Verpflichtung von Dorian Finney-Smith<\/a> von den Brooklyn Nets finalisierten. Der Forward verst\u00e4rkt L.A.s wackelige Perimeter-Defense und bringt einen weiteren Shooter, doch es wirkt nicht wie ein Move, der die Western Conference ersch\u00fcttern wird.<\/p>\n<p>Das Front Office der Lakers um Rob Pelinka teilt diese Einsch\u00e4tzung und wird <a href=\"https:\/\/www.nbamaniacs.com\/de\/geruchte\/lakers-ruesten-bis-zur-trade-deadline-weiter-auf\/\" target=\"_blank\" rel=\"noreferrer noopener\">bis zur <em>trade deadline<\/em> im Februar den Markt<\/a> weiter beobachten, um M\u00f6glichkeiten zu finden. Der <em>general manager<\/em> des Teams wird alle Optionen pr\u00fcfen, scheint aber sein n\u00e4chstes Ziel bereits festgelegt zu haben.<\/p>\n<p>Laut dem <em>HoopsHype<\/em>-Reporter Michael Scotto wollen die Lakers Jonas Valanciunas in ihren Kader holen. Schon zuvor wurden sie sowohl mit dem litauischen Big Man als auch mit anderen Centern wie Robert Williams oder Walker Kessler in Verbindung gebracht. Dieser neue Bericht deutet nun darauf hin, dass Los Angeles seine Top-Priorit\u00e4t festgelegt hat.<\/p>\n<p>Valanciunas verdient 9,9 Millionen Dollar und steht f\u00fcr zwei weitere Saisons f\u00fcr rund 10 Millionen Dollar j\u00e4hrlich unter Vertrag. Die Wizards haben sich zu ihrem <em>young core<\/em> bekannt, sodass Valanciunas nicht in ihre Pl\u00e4ne passt. Infolgedessen w\u00e4re Washington bereit, seinen Backup-Center im Austausch f\u00fcr Zweitrundenpicks abzugeben. Um die Geh\u00e4lter anzugleichen, k\u00f6nnten die Lakers Gabe Vincent oder Jarred Vanderbilt einbeziehen.<\/p>\n<p><em>(Titelbild von Ken Blaze-Imagn Images)<\/em><\/p>\n","protected":false},"excerpt":{"rendered":"<p>Die Los Angeles Lakers machten am Montag ihren ersten Move auf dem Markt, indem sie die Verpflichtung von Dorian Finney-Smith von den Brooklyn Nets finalisierten. &#8230; <a title=\"Lakers peilen neuen Trade-Kandidaten an\" class=\"read-more\" href=\"https:\/\/www.nbamaniacs.com\/de\/geruchte\/lakers-peilen-neuen-trade-kandidaten-an\/\" aria-label=\"Mehr Informationen \u00fcber Lakers peilen neuen Trade-Kandidaten an\">Mehr lesen<\/a><\/p>\n","protected":false},"author":14497,"featured_media":407753,"comment_status":"open","ping_status":"closed","sticky":false,"template":"","format":"standard","meta":{"ub_ctt_via":"","footnotes":""},"categories":[588],"tags":[760,10],"class_list":["post-407764","post","type-post","status-publish","format-standard","has-post-thumbnail","hentry","category-geruchte","tag-jonas-valanciunas","tag-los-angeles-lakers","no-featured-image-padding","resize-featured-image"],"featured_image_src":"https:\/\/www.nbamaniacs.com\/de\/wp-content\/uploads\/2025\/06\/keine-spanische-schlagzeile-geliefert-8.jpg","author_info":{"display_name":"Niko Jens Schwann","author_link":"https:\/\/www.nbamaniacs.com\/de\/autor\/niko-jens-schwann\/"},"_links":{"self":[{"href":"https:\/\/www.nbamaniacs.com\/de\/wp-json\/wp\/v2\/posts\/407764","targetHints":{"allow":["GET"]}}],"collection":[{"href":"https:\/\/www.nbamaniacs.com\/de\/wp-json\/wp\/v2\/posts"}],"about":[{"href":"https:\/\/www.nbamaniacs.com\/de\/wp-json\/wp\/v2\/types\/post"}],"author":[{"embeddable":true,"href":"https:\/\/www.nbamaniacs.com\/de\/wp-json\/wp\/v2\/users\/14497"}],"replies":[{"embeddable":true,"href":"https:\/\/www.nbamaniacs.com\/de\/wp-json\/wp\/v2\/comments?post=407764"}],"version-history":[{"count":2,"href":"https:\/\/www.nbamaniacs.com\/de\/wp-json\/wp\/v2\/posts\/407764\/revisions"}],"predecessor-version":[{"id":411233,"href":"https:\/\/www.nbamaniacs.com\/de\/wp-json\/wp\/v2\/posts\/407764\/revisions\/411233"}],"wp:featuredmedia":[{"embeddable":true,"href":"https:\/\/www.nbamaniacs.com\/de\/wp-json\/wp\/v2\/media\/407753"}],"wp:attachment":[{"href":"https:\/\/www.nbamaniacs.com\/de\/wp-json\/wp\/v2\/media?parent=407764"}],"wp:term":[{"taxonomy":"category","embeddable":true,"href":"https:\/\/www.nbamaniacs.com\/de\/wp-json\/wp\/v2\/categories?post=407764"},{"taxonomy":"post_tag","embeddable":true,"href":"https:\/\/www.nbamaniacs.com\/de\/wp-json\/wp\/v2\/tags?post=407764"}],"curies":[{"name":"wp","href":"https:\/\/api.w.org\/{rel}","templated":true}]}}