{"id":407786,"date":"2024-12-19T09:00:00","date_gmt":"2024-12-19T08:00:00","guid":{"rendered":"https:\/\/www.nbamaniacs.com\/de\/nachrichten\/michael-porter-jr-und-nuggets-besiegeln-verlaengerung\/"},"modified":"2025-06-11T11:50:39","modified_gmt":"2025-06-11T09:50:39","slug":"michael-porter-jr-und-nuggets-besiegeln-verlaengerung","status":"publish","type":"post","link":"https:\/\/www.nbamaniacs.com\/de\/geruchte\/michael-porter-jr-und-nuggets-besiegeln-verlaengerung\/","title":{"rendered":"Michael Porter Jr. und Nuggets besiegeln Verl\u00e4ngerung"},"content":{"rendered":"<p>Wie <em>The Athletic<\/em> berichtet, haben sich die Denver Nuggets und Michael Porter Jr. im vergangenen Sommer auf eine Vertragsverl\u00e4ngerung geeinigt.<\/p>\n<p>Porter Jr. wurde bereits als m\u00f6gliches Trade-Material f\u00fcr Paul George erw\u00e4hnt, bevor dieser zu den Sixers wechselte. K\u00fcrzlich tauchte sein Name au\u00dferdem <a href=\"https:\/\/www.nbamaniacs.com\/de\/geruchte\/denver-schnappt-sich-zach-lavine\/\">im Zusammenhang mit einem m\u00f6glichen Deal f\u00fcr Zach LaVine von den Chicago Bulls<\/a> auf.<\/p>\n<p>Der Forward blieb trotz chronischer R\u00fcckenprobleme fit und in der Defense verl\u00e4sslich. Aktuell fungiert er hinter Jokic und Murray als dritte Option der Nuggets.<\/p>\n<p>In dieser Saison stand er in 24 Partien (alle als Starter) auf dem Feld. Dabei legt er durchschnittlich 18,5 Punkte, 7,1 Rebounds und 2,8 Assists auf und trifft 39% seiner Dreier.<\/p>\n","protected":false},"excerpt":{"rendered":"<p>Wie The Athletic berichtet, haben sich die Denver Nuggets und Michael Porter Jr. im vergangenen Sommer auf eine Vertragsverl\u00e4ngerung geeinigt. Porter Jr. wurde bereits als &#8230; <a title=\"Michael Porter Jr. und Nuggets besiegeln Verl\u00e4ngerung\" class=\"read-more\" href=\"https:\/\/www.nbamaniacs.com\/de\/geruchte\/michael-porter-jr-und-nuggets-besiegeln-verlaengerung\/\" aria-label=\"Mehr Informationen \u00fcber Michael Porter Jr. und Nuggets besiegeln Verl\u00e4ngerung\">Mehr lesen<\/a><\/p>\n","protected":false},"author":14497,"featured_media":407772,"comment_status":"open","ping_status":"closed","sticky":false,"template":"","format":"standard","meta":{"ub_ctt_via":"","footnotes":""},"categories":[588],"tags":[23,3570],"class_list":["post-407786","post","type-post","status-publish","format-standard","has-post-thumbnail","hentry","category-geruchte","tag-denver-nuggets","tag-michael-porter-jr","no-featured-image-padding","resize-featured-image"],"featured_image_src":"https:\/\/www.nbamaniacs.com\/de\/wp-content\/uploads\/2025\/06\/michael-porter-jr-peilt-das-durchbruchsjahr-an.jpg","author_info":{"display_name":"Niko Jens Schwann","author_link":"https:\/\/www.nbamaniacs.com\/de\/autor\/niko-jens-schwann\/"},"_links":{"self":[{"href":"https:\/\/www.nbamaniacs.com\/de\/wp-json\/wp\/v2\/posts\/407786","targetHints":{"allow":["GET"]}}],"collection":[{"href":"https:\/\/www.nbamaniacs.com\/de\/wp-json\/wp\/v2\/posts"}],"about":[{"href":"https:\/\/www.nbamaniacs.com\/de\/wp-json\/wp\/v2\/types\/post"}],"author":[{"embeddable":true,"href":"https:\/\/www.nbamaniacs.com\/de\/wp-json\/wp\/v2\/users\/14497"}],"replies":[{"embeddable":true,"href":"https:\/\/www.nbamaniacs.com\/de\/wp-json\/wp\/v2\/comments?post=407786"}],"version-history":[{"count":1,"href":"https:\/\/www.nbamaniacs.com\/de\/wp-json\/wp\/v2\/posts\/407786\/revisions"}],"predecessor-version":[{"id":410587,"href":"https:\/\/www.nbamaniacs.com\/de\/wp-json\/wp\/v2\/posts\/407786\/revisions\/410587"}],"wp:featuredmedia":[{"embeddable":true,"href":"https:\/\/www.nbamaniacs.com\/de\/wp-json\/wp\/v2\/media\/407772"}],"wp:attachment":[{"href":"https:\/\/www.nbamaniacs.com\/de\/wp-json\/wp\/v2\/media?parent=407786"}],"wp:term":[{"taxonomy":"category","embeddable":true,"href":"https:\/\/www.nbamaniacs.com\/de\/wp-json\/wp\/v2\/categories?post=407786"},{"taxonomy":"post_tag","embeddable":true,"href":"https:\/\/www.nbamaniacs.com\/de\/wp-json\/wp\/v2\/tags?post=407786"}],"curies":[{"name":"wp","href":"https:\/\/api.w.org\/{rel}","templated":true}]}}