{"id":407990,"date":"2024-09-29T08:11:50","date_gmt":"2024-09-29T06:11:50","guid":{"rendered":"https:\/\/www.nbamaniacs.com\/de\/nachrichten\/jose-alvarado-unterschreibt-zweijahresvertrag\/"},"modified":"2024-09-29T08:11:50","modified_gmt":"2024-09-29T06:11:50","slug":"jose-alvarado-unterschreibt-zweijahresvertrag","status":"publish","type":"post","link":"https:\/\/www.nbamaniacs.com\/de\/geruchte\/jose-alvarado-unterschreibt-zweijahresvertrag\/","title":{"rendered":"Jos\u00e9 Alvarado unterschreibt Zweijahresvertrag"},"content":{"rendered":"<p>Jos\u00e9 Alvarado hat sich mit den New Orleans Pelicans auf einen neuen Vertrag \u00fcber 2 Saisons und 9 Millionen Dollar geeinigt. Das berichtete Shams Charania von <em>The Athletic<\/em>.<\/p>\n<p>Der puerto-ricanische Point Guard verbrachte vier Spielzeiten an der Georgia Tech und blieb im Draft 2021 unber\u00fccksichtigt. Dennoch \u00fcberzeugte er die Pelicans, ihm einen Two-Way-Contract zu geben, und hat seitdem stetig an Bedeutung in der von Willie Green geleiteten Rotation gewonnen.<\/p>\n<p>Letztes Jahr stand er in 56 offiziellen Partien auf dem Parkett und erzielte dabei durchschnittlich 7,1 Punkte, 2,3 Rebounds, 2,1 Assists sowie 1,1 Steals in 18,4 Minuten pro Einsatz.<\/p>\n<p><em>(Titelbild: Chris Graythen\/Getty Images)<\/em><\/p>\n","protected":false},"excerpt":{"rendered":"<p>Jos\u00e9 Alvarado hat sich mit den New Orleans Pelicans auf einen neuen Vertrag \u00fcber 2 Saisons und 9 Millionen Dollar geeinigt. Das berichtete Shams Charania &#8230; <a title=\"Jos\u00e9 Alvarado unterschreibt Zweijahresvertrag\" class=\"read-more\" href=\"https:\/\/www.nbamaniacs.com\/de\/geruchte\/jose-alvarado-unterschreibt-zweijahresvertrag\/\" aria-label=\"Mehr Informationen \u00fcber Jos\u00e9 Alvarado unterschreibt Zweijahresvertrag\">Mehr lesen<\/a><\/p>\n","protected":false},"author":14497,"featured_media":407986,"comment_status":"open","ping_status":"closed","sticky":false,"template":"","format":"standard","meta":{"ub_ctt_via":"","footnotes":""},"categories":[588],"tags":[1328],"class_list":["post-407990","post","type-post","status-publish","format-standard","has-post-thumbnail","hentry","category-geruchte","tag-new-orleans-pelicans","no-featured-image-padding","resize-featured-image"],"featured_image_src":"https:\/\/www.nbamaniacs.com\/de\/wp-content\/uploads\/2025\/06\/keine-spanische-headline-vorhanden-87.jpg","author_info":{"display_name":"Niko Jens Schwann","author_link":"https:\/\/www.nbamaniacs.com\/de\/autor\/niko-jens-schwann\/"},"_links":{"self":[{"href":"https:\/\/www.nbamaniacs.com\/de\/wp-json\/wp\/v2\/posts\/407990","targetHints":{"allow":["GET"]}}],"collection":[{"href":"https:\/\/www.nbamaniacs.com\/de\/wp-json\/wp\/v2\/posts"}],"about":[{"href":"https:\/\/www.nbamaniacs.com\/de\/wp-json\/wp\/v2\/types\/post"}],"author":[{"embeddable":true,"href":"https:\/\/www.nbamaniacs.com\/de\/wp-json\/wp\/v2\/users\/14497"}],"replies":[{"embeddable":true,"href":"https:\/\/www.nbamaniacs.com\/de\/wp-json\/wp\/v2\/comments?post=407990"}],"version-history":[{"count":0,"href":"https:\/\/www.nbamaniacs.com\/de\/wp-json\/wp\/v2\/posts\/407990\/revisions"}],"wp:featuredmedia":[{"embeddable":true,"href":"https:\/\/www.nbamaniacs.com\/de\/wp-json\/wp\/v2\/media\/407986"}],"wp:attachment":[{"href":"https:\/\/www.nbamaniacs.com\/de\/wp-json\/wp\/v2\/media?parent=407990"}],"wp:term":[{"taxonomy":"category","embeddable":true,"href":"https:\/\/www.nbamaniacs.com\/de\/wp-json\/wp\/v2\/categories?post=407990"},{"taxonomy":"post_tag","embeddable":true,"href":"https:\/\/www.nbamaniacs.com\/de\/wp-json\/wp\/v2\/tags?post=407990"}],"curies":[{"name":"wp","href":"https:\/\/api.w.org\/{rel}","templated":true}]}}