{"id":408020,"date":"2024-09-27T11:30:59","date_gmt":"2024-09-27T09:30:59","guid":{"rendered":"https:\/\/www.nbamaniacs.com\/de\/nachrichten\/gordon-rechnet-mit-team-usa-anruf\/"},"modified":"2024-09-27T11:30:59","modified_gmt":"2024-09-27T09:30:59","slug":"gordon-rechnet-mit-team-usa-anruf","status":"publish","type":"post","link":"https:\/\/www.nbamaniacs.com\/de\/geruchte\/gordon-rechnet-mit-team-usa-anruf\/","title":{"rendered":"Gordon rechnet mit Team-USA-Anruf"},"content":{"rendered":"<p>Die Denver Nuggets absolvierten ihren gewohnten <em>Media Day<\/em>, mit Forward Aaron Gordon im Mittelpunkt. Er sprach \u00fcber seine m\u00f6gliche Vertragsverl\u00e4ngerung, den Verlust seines Bruders Drew und den Anruf von Steve Kerr, der f\u00fcr Paris 2024 nie kam.<\/p>\n<p>\u201eSie haben mich (Steve Kerr) gefragt, ob ich f\u00fcr die Vereinigten Staaten spielen will, aber nie angerufen. Dann zu sehen, wie Nikola Joki\u0107 sie fast rausgeworfen h\u00e4tte \u2026 Das war gro\u00dfartig\u201c, sagte Gordon.<\/p>\n<p>Bis zur letzten Saison trug er bei den Nuggets die Nummer 50. Doch das kommende Jahr wird besonders, weil er auf die Nummer 32 wechselt \u2013 in Gedenken an seinen verstorbenen Bruder Drew, der mit nur 33 Jahren bei einem Autounfall ums Leben kam.<\/p>\n<p>\u201eDas war die Lieblingsnummer meines Bruders. Mein Vater und meine Schwester trugen sie auch am College. Ich hatte sie in der Highschool \u2026 Es wird auf jeden Fall sehr besonders f\u00fcr mich\u201c, sagte er.<\/p>\n<figure class=\"wp-block-embed is-type-rich is-provider-twitter wp-block-embed-twitter\">\n<div class=\"wp-block-embed__wrapper\">\n<blockquote class=\"twitter-tweet\" data-width=\"550\" data-dnt=\"true\">\n<p lang=\"en\" dir=\"ltr\">This season, Aaron Gordon will rock the No. 32 jersey in honor of his late brother, Drew, who spent two seasons in the G League. \ud83d\ude4f\ud83d\udd4a\ufe0f <a href=\"https:\/\/t.co\/g2z3mAUkji\" target=\"_blank\" rel=\"nofollow\">pic.twitter.com\/g2z3mAUkji<\/a><\/p>\n<p>&mdash; NBA G League (@nbagleague) <a href=\"https:\/\/twitter.com\/nbagleague\/status\/1839489582460440596?ref_src=twsrc%5Etfw\" target=\"_blank\" rel=\"noopener nofollow\">September 27, 2024<\/a><\/p><\/blockquote>\n<p><script async src=\"https:\/\/platform.twitter.com\/widgets.js\" charset=\"utf-8\"><\/script>\n<\/div>\n<\/figure>\n<h2 class=\"wp-block-heading\">Seine m\u00f6gliche Vertragsverl\u00e4ngerung<\/h2>\n<p>Im M\u00e4rz 2021 landeten die Nuggets einen Trade mit den Orlando Magic, an dem auch Gary Harris, P.J. Hampton und andere Spieler beteiligt waren. Seit seiner Ankunft ist Gordon ein wichtiger Faktor im System von Michael Malone, liefert in allen Bereichen ab und erreicht jetzt seine beste Phase.<\/p>\n<p>Deshalb will das Front Office der Nuggets ihn nicht verlieren \u2013 genauso wenig wie zuvor andere tragende Kr\u00e4fte wie Bruce Brown und vor Kurzem Kentavious Caldwell-Pope. Laut Quellen aus dem Umfeld werden beide Seiten bald \u00fcber eine Verl\u00e4ngerung verhandeln.<\/p>\n<p>Gordon verdient in dieser Saison 22,84 Millionen Dollar und h\u00e4lt zudem eine <em>player option<\/em> \u00fcber weitere 22,84 Millionen Dollar f\u00fcr die Saison 2025\u201326.<\/p>\n<p>\u201eIch liebe diese Organisation \u2026 und hoffe, dass wir es endlich festmachen k\u00f6nnen. Wir sind gerade auf dem richtigen Weg\u201c, sagte er.<\/p>\n<p>In seinen vier Jahren als <em>Nugget<\/em> kommt er bisher auf Karriereschnitte von 14,5 Punkten, 6,1 Rebounds, 2,9 Assists und 1,5 Blocks in 30,6 Minuten pro Partie.<\/p>\n<p><em>(Cover photo: Ronald Martinez\/Getty Images)<\/em><\/p>\n","protected":false},"excerpt":{"rendered":"<p>Die Denver Nuggets absolvierten ihren gewohnten Media Day, mit Forward Aaron Gordon im Mittelpunkt. Er sprach \u00fcber seine m\u00f6gliche Vertragsverl\u00e4ngerung, den Verlust seines Bruders Drew &#8230; <a title=\"Gordon rechnet mit Team-USA-Anruf\" class=\"read-more\" href=\"https:\/\/www.nbamaniacs.com\/de\/geruchte\/gordon-rechnet-mit-team-usa-anruf\/\" aria-label=\"Mehr Informationen \u00fcber Gordon rechnet mit Team-USA-Anruf\">Mehr lesen<\/a><\/p>\n","protected":false},"author":14497,"featured_media":407996,"comment_status":"open","ping_status":"closed","sticky":false,"template":"","format":"standard","meta":{"ub_ctt_via":"","footnotes":""},"categories":[588],"tags":[1487,23,5282],"class_list":["post-408020","post","type-post","status-publish","format-standard","has-post-thumbnail","hentry","category-geruchte","tag-aaron-gordon","tag-denver-nuggets","tag-orlando-magic","no-featured-image-padding","resize-featured-image"],"featured_image_src":"https:\/\/www.nbamaniacs.com\/de\/wp-content\/uploads\/2025\/06\/tatum-f-uhrt-celtics-zum-overtime-sieg-gegen-knicks.jpg","author_info":{"display_name":"Niko Jens Schwann","author_link":"https:\/\/www.nbamaniacs.com\/de\/autor\/niko-jens-schwann\/"},"_links":{"self":[{"href":"https:\/\/www.nbamaniacs.com\/de\/wp-json\/wp\/v2\/posts\/408020","targetHints":{"allow":["GET"]}}],"collection":[{"href":"https:\/\/www.nbamaniacs.com\/de\/wp-json\/wp\/v2\/posts"}],"about":[{"href":"https:\/\/www.nbamaniacs.com\/de\/wp-json\/wp\/v2\/types\/post"}],"author":[{"embeddable":true,"href":"https:\/\/www.nbamaniacs.com\/de\/wp-json\/wp\/v2\/users\/14497"}],"replies":[{"embeddable":true,"href":"https:\/\/www.nbamaniacs.com\/de\/wp-json\/wp\/v2\/comments?post=408020"}],"version-history":[{"count":0,"href":"https:\/\/www.nbamaniacs.com\/de\/wp-json\/wp\/v2\/posts\/408020\/revisions"}],"wp:featuredmedia":[{"embeddable":true,"href":"https:\/\/www.nbamaniacs.com\/de\/wp-json\/wp\/v2\/media\/407996"}],"wp:attachment":[{"href":"https:\/\/www.nbamaniacs.com\/de\/wp-json\/wp\/v2\/media?parent=408020"}],"wp:term":[{"taxonomy":"category","embeddable":true,"href":"https:\/\/www.nbamaniacs.com\/de\/wp-json\/wp\/v2\/categories?post=408020"},{"taxonomy":"post_tag","embeddable":true,"href":"https:\/\/www.nbamaniacs.com\/de\/wp-json\/wp\/v2\/tags?post=408020"}],"curies":[{"name":"wp","href":"https:\/\/api.w.org\/{rel}","templated":true}]}}