{"id":408022,"date":"2024-09-14T10:00:00","date_gmt":"2024-09-14T08:00:00","guid":{"rendered":"https:\/\/www.nbamaniacs.com\/de\/nachrichten\/anthony-davis-fordert-mehr-minuten-mit-einem-zweiten-center\/"},"modified":"2024-09-14T10:00:00","modified_gmt":"2024-09-14T08:00:00","slug":"anthony-davis-fordert-mehr-minuten-mit-einem-zweiten-center","status":"publish","type":"post","link":"https:\/\/www.nbamaniacs.com\/de\/geruchte\/anthony-davis-fordert-mehr-minuten-mit-einem-zweiten-center\/","title":{"rendered":"Anthony Davis fordert mehr Minuten mit einem zweiten Center"},"content":{"rendered":"<p>Die Los Angeles Lakers stehen wieder einmal vor ihrer allj\u00e4hrlichen Sommersaga. Seit Anthony Davis zum Team stie\u00df, k\u00e4mpft die Mannschaft mit dem Wunsch von The Brow, h\u00e4ufiger als Power Forward zu spielen \u2013 etwas, das Davis laut ESPN-Reporter Dave McMenamin in dieser Offseason erneut bekr\u00e4ftigt hat. McMenamin zufolge bekr\u00e4ftigte Davis seinen Wunsch, \u00f6fter mit einem traditionellen Center auf dem Feld zu stehen, was ihm mehr Freiraum verschaffen und ihn auf dem Parkett wohler f\u00fchlen lassen w\u00fcrde.<\/p>\n<p>Davis spielte in der vergangenen Saison 97 % seiner Minuten als Center, und alles deutet darauf hin, dass er auch im kommenden Jahr diese Rolle \u00fcbernehmen wird. Der Grund ist einfach: Es gibt keine Alternative. Redick kann ihm zwar ein paar Minuten neben Christian Wood oder Jaxson Hayes verschaffen, doch keiner von beiden ist ein Top-Big-Man, der sich perfekt an diese Rolle anpassen kann. Und es scheint nicht der beste Weg zu sein, um die Lakers st\u00e4rker zu machen.<\/p>\n<h2 class=\"wp-block-heading\">Die Valanciunas-Option<\/h2>\n<p>Allerdings weist McMenamin darauf hin, dass die Franchise im Sommer versucht habe, genau diesen Weg zu gehen und Jonas Valanciunas zu holen, um die Position des klassischen Centers zu besetzen. Konkret soll LeBron James bereit gewesen sein, sein Gehalt leicht zu reduzieren, damit das Team bei Bedarf die <em>Mid-Level Exception<\/em> nutzen k\u00f6nnte. Am Ende entschied sich der Litauer jedoch f\u00fcr den Dreijahresvertrag \u00fcber 30 Millionen Dollar, den die Wizards ihm anboten.<\/p>\n<p>Das bedeutet allerdings nicht, dass Valanciunas v\u00f6llig aus dem Spiel ist. Ab dem 15. Dezember kann er getradet werden, und laut McMenamin behalten die Lakers ihn weiter im Auge. Selbst wenn der Deal nicht zustande kommt, zeigt dies das Interesse der Lakers, Redick die Mittel zu geben, um Davis mehr auf der Vier einzusetzen. Dann liegt es an ihm, ob er The Brow seinen Wunsch erf\u00fcllt oder ihn doch weiter als Center spielen l\u00e4sst.<\/p>\n<p><em>(Cover photo by: Matthew\/Stockman\/Getty Images)<\/em><\/p>\n","protected":false},"excerpt":{"rendered":"<p>Die Los Angeles Lakers stehen wieder einmal vor ihrer allj\u00e4hrlichen Sommersaga. Seit Anthony Davis zum Team stie\u00df, k\u00e4mpft die Mannschaft mit dem Wunsch von The &#8230; <a title=\"Anthony Davis fordert mehr Minuten mit einem zweiten Center\" class=\"read-more\" href=\"https:\/\/www.nbamaniacs.com\/de\/geruchte\/anthony-davis-fordert-mehr-minuten-mit-einem-zweiten-center\/\" aria-label=\"Mehr Informationen \u00fcber Anthony Davis fordert mehr Minuten mit einem zweiten Center\">Mehr lesen<\/a><\/p>\n","protected":false},"author":14497,"featured_media":408002,"comment_status":"open","ping_status":"closed","sticky":false,"template":"","format":"standard","meta":{"ub_ctt_via":"","footnotes":""},"categories":[588],"tags":[945,760,10],"class_list":["post-408022","post","type-post","status-publish","format-standard","has-post-thumbnail","hentry","category-geruchte","tag-anthony-davis","tag-jonas-valanciunas","tag-los-angeles-lakers","no-featured-image-padding","resize-featured-image"],"featured_image_src":"https:\/\/www.nbamaniacs.com\/de\/wp-content\/uploads\/2025\/06\/alba-berlin-triumphiert-und-wahrt-titelchancen.jpg","author_info":{"display_name":"Niko Jens Schwann","author_link":"https:\/\/www.nbamaniacs.com\/de\/autor\/niko-jens-schwann\/"},"_links":{"self":[{"href":"https:\/\/www.nbamaniacs.com\/de\/wp-json\/wp\/v2\/posts\/408022","targetHints":{"allow":["GET"]}}],"collection":[{"href":"https:\/\/www.nbamaniacs.com\/de\/wp-json\/wp\/v2\/posts"}],"about":[{"href":"https:\/\/www.nbamaniacs.com\/de\/wp-json\/wp\/v2\/types\/post"}],"author":[{"embeddable":true,"href":"https:\/\/www.nbamaniacs.com\/de\/wp-json\/wp\/v2\/users\/14497"}],"replies":[{"embeddable":true,"href":"https:\/\/www.nbamaniacs.com\/de\/wp-json\/wp\/v2\/comments?post=408022"}],"version-history":[{"count":0,"href":"https:\/\/www.nbamaniacs.com\/de\/wp-json\/wp\/v2\/posts\/408022\/revisions"}],"wp:featuredmedia":[{"embeddable":true,"href":"https:\/\/www.nbamaniacs.com\/de\/wp-json\/wp\/v2\/media\/408002"}],"wp:attachment":[{"href":"https:\/\/www.nbamaniacs.com\/de\/wp-json\/wp\/v2\/media?parent=408022"}],"wp:term":[{"taxonomy":"category","embeddable":true,"href":"https:\/\/www.nbamaniacs.com\/de\/wp-json\/wp\/v2\/categories?post=408022"},{"taxonomy":"post_tag","embeddable":true,"href":"https:\/\/www.nbamaniacs.com\/de\/wp-json\/wp\/v2\/tags?post=408022"}],"curies":[{"name":"wp","href":"https:\/\/api.w.org\/{rel}","templated":true}]}}