{"id":408166,"date":"2024-08-05T17:54:37","date_gmt":"2024-08-05T15:54:37","guid":{"rendered":"https:\/\/www.nbamaniacs.com\/de\/nachrichten\/lauri-markkanen-vom-markt-deal-steht\/"},"modified":"2024-08-05T17:54:37","modified_gmt":"2024-08-05T15:54:37","slug":"lauri-markkanen-vom-markt-deal-steht","status":"publish","type":"post","link":"https:\/\/www.nbamaniacs.com\/de\/geruchte\/lauri-markkanen-vom-markt-deal-steht\/","title":{"rendered":"Lauri Markkanen vom Markt: Deal steht"},"content":{"rendered":"<p>Nur wenige Stunden bevor Lauri Markkanen seine Extension aushandeln kann, deutet alles darauf hin, dass er nach dem 6. August unterschreibt. Sowohl Bobby Marks und Tim MacMahon von <em><a href=\"https:\/\/www.espn.com\/nba\/story\/_\/id\/40716108\/what-know-utah-jazz-lauri-markkanen-next-contract-extension\" target=\"_blank\" rel=\"noopener nofollow\">ESPN<\/a><\/em> als auch Jake Fischer von <em><a href=\"https:\/\/sports.yahoo.com\/breaking-down-the-lauri-markkanen-extension-situation-144124332.html\" target=\"_blank\" rel=\"noopener nofollow\">Yahoo Sports<\/a><\/em> berichten, dass der finnische Forward in Utah weiter gewinnen will. Das w\u00fcrde bedeuten, dass er erst nach morgen unterschreibt. So w\u00e4re ein Trade zur n\u00e4chsten Deadline ausgeschlossen. Wenn ein Spieler neu unterschreibt, m\u00fcssen sechs Monate vergehen, bevor ein Trade m\u00f6glich ist. Die Trade Deadline 2025 ist f\u00fcr den 6. Februar angesetzt.<\/p>\n<p>Das bringt auch gewisse Vorteile f\u00fcr die Jazz. Sie k\u00f6nnten sein Gehalt so umstrukturieren, dass das erste Jahr eines m\u00f6glichen Vierjahresvertrags \u00fcber 213 Millionen Dollar in ihren Plan passt. Das Team k\u00f6nnte seine Bez\u00fcge so anpassen, dass er zwischen 2025 und 2027 unter 40 Millionen Dollar pro Saison bleibt. So w\u00e4ren die Jazz in einer starken Position, in diesem Zeitfenster ein konkurrenzf\u00e4higes Roster aufzubauen. Zwar haben sie sich Angebote angeh\u00f6rt, doch wirklich auf dem Markt war Markkanen nie. Oder zumindest nicht zu dem Preis, den Teams wie Oklahoma City, Golden State, Sacramento und andere in den Raum gestellt haben.<\/p>\n<p>Heute trainierte der finnische Big Man in Utah gemeinsam mit Teamkollege Keyonte George. Quellen in seinem Umfeld sagen, Markkanen wolle endlich Stabilit\u00e4t, nachdem er in nur zw\u00f6lf Monaten zweimal getradet wurde. In Salt Lake City ist er zum All-Star-Kaliber gereift, das man in seinen fr\u00fchen Tagen in Chicago in ihm gesehen hatte. Er sagt, er f\u00fchle sich mit seiner Familie in den Mormon Mountains wohl. Die letzte gro\u00dfe Story dieses Sommers steht kurz vor dem Abschluss, doch solange die Extension nicht offiziell ist, werden die Angebote weiter eintreffen.<\/p>\n<p><em>(Cover photo by Alex Goodlett\/Getty Images)<\/em><a href=\"https:\/\/www.gettyimages.es\/license\/2031360515?adppopup=true\" target=\"_blank\" rel=\"noopener nofollow\"><\/a><a href=\"https:\/\/www.gettyimages.es\/license\/1650216561?adppopup=true\" target=\"_blank\" rel=\"noopener nofollow\"><\/a><\/p>\n","protected":false},"excerpt":{"rendered":"<p>Nur wenige Stunden bevor Lauri Markkanen seine Extension aushandeln kann, deutet alles darauf hin, dass er nach dem 6. August unterschreibt. Sowohl Bobby Marks und &#8230; <a title=\"Lauri Markkanen vom Markt: Deal steht\" class=\"read-more\" href=\"https:\/\/www.nbamaniacs.com\/de\/geruchte\/lauri-markkanen-vom-markt-deal-steht\/\" aria-label=\"Mehr Informationen \u00fcber Lauri Markkanen vom Markt: Deal steht\">Mehr lesen<\/a><\/p>\n","protected":false},"author":14497,"featured_media":408153,"comment_status":"open","ping_status":"closed","sticky":false,"template":"","format":"standard","meta":{"ub_ctt_via":"","footnotes":""},"categories":[588],"tags":[3620,35],"class_list":["post-408166","post","type-post","status-publish","format-standard","has-post-thumbnail","hentry","category-geruchte","tag-lauri-markkanen","tag-utah-jazz","no-featured-image-padding","resize-featured-image"],"featured_image_src":"https:\/\/www.nbamaniacs.com\/de\/wp-content\/uploads\/2025\/06\/keine-spanische-headline-schick-bitte-das-original.jpg","author_info":{"display_name":"Niko Jens Schwann","author_link":"https:\/\/www.nbamaniacs.com\/de\/autor\/niko-jens-schwann\/"},"_links":{"self":[{"href":"https:\/\/www.nbamaniacs.com\/de\/wp-json\/wp\/v2\/posts\/408166","targetHints":{"allow":["GET"]}}],"collection":[{"href":"https:\/\/www.nbamaniacs.com\/de\/wp-json\/wp\/v2\/posts"}],"about":[{"href":"https:\/\/www.nbamaniacs.com\/de\/wp-json\/wp\/v2\/types\/post"}],"author":[{"embeddable":true,"href":"https:\/\/www.nbamaniacs.com\/de\/wp-json\/wp\/v2\/users\/14497"}],"replies":[{"embeddable":true,"href":"https:\/\/www.nbamaniacs.com\/de\/wp-json\/wp\/v2\/comments?post=408166"}],"version-history":[{"count":0,"href":"https:\/\/www.nbamaniacs.com\/de\/wp-json\/wp\/v2\/posts\/408166\/revisions"}],"wp:featuredmedia":[{"embeddable":true,"href":"https:\/\/www.nbamaniacs.com\/de\/wp-json\/wp\/v2\/media\/408153"}],"wp:attachment":[{"href":"https:\/\/www.nbamaniacs.com\/de\/wp-json\/wp\/v2\/media?parent=408166"}],"wp:term":[{"taxonomy":"category","embeddable":true,"href":"https:\/\/www.nbamaniacs.com\/de\/wp-json\/wp\/v2\/categories?post=408166"},{"taxonomy":"post_tag","embeddable":true,"href":"https:\/\/www.nbamaniacs.com\/de\/wp-json\/wp\/v2\/tags?post=408166"}],"curies":[{"name":"wp","href":"https:\/\/api.w.org\/{rel}","templated":true}]}}