{"id":408168,"date":"2024-08-06T18:30:00","date_gmt":"2024-08-06T16:30:00","guid":{"rendered":"https:\/\/www.nbamaniacs.com\/de\/nachrichten\/markkanen-unterschreibt-millionen-deal-mit-jazz\/"},"modified":"2025-06-11T12:05:43","modified_gmt":"2025-06-11T10:05:43","slug":"markkanen-unterschreibt-millionen-deal-mit-jazz","status":"publish","type":"post","link":"https:\/\/www.nbamaniacs.com\/de\/geruchte\/markkanen-unterschreibt-millionen-deal-mit-jazz\/","title":{"rendered":"Markkanen unterschreibt Millionen-Deal mit Jazz"},"content":{"rendered":"<p>Es wird immer weniger ein Geheimnis, dass Lauri Markkanen einen F\u00fcnfjahresvertrag \u00fcber mehr als 200.000.000 $ bei den Utah Jazz unterschreiben wird. Er k\u00f6nnte ihn heute finalisieren, wartet aber, um nicht noch vor der Trade Deadline am 6. Februar verf\u00fcgbar zu werden. Nachdem Bobby Marks und Tim MacMahon von <em>ESPN<\/em> sowie Jake Fischer von <em>Yahoo Sports<\/em> es gestern gemeldet haben, best\u00e4tigen es heute Shams Charania und Anthony Slater von <em>The Athletic<\/em> <a href=\"https:\/\/www.nytimes.com\/athletic\/5683827\/2024\/08\/06\/lauri-markkanen-jazz-extension\/\" target=\"_blank\" rel=\"noopener nofollow\">ebenfalls<\/a>.<\/p>\n<figure class=\"wp-block-embed is-type-wp-embed is-provider-nbamaniacs wp-block-embed-nbamaniacs\">\n<div class=\"wp-block-embed__wrapper\">\n<blockquote class=\"wp-embedded-content\" data-secret=\"tj2Spgit9H\">\n<p><a href=\"https:\/\/www.nbamaniacs.com\/de\/geruchte\/lauri-markkanen-vom-markt-deal-steht\/\">Lauri Markkanen will come off the market<\/a><\/p>\n<\/blockquote>\n<p><iframe class=\"wp-embedded-content\" sandbox=\"allow-scripts\" security=\"restricted\" style=\"position: absolute; visibility: hidden;\" title=\"\u00abLauri Markkanen will come off the market\u00bb \u2014 NBAManiacs\" src=\"https:\/\/www.nbamaniacs.com\/de\/geruchte\/lauri-markkanen-vom-markt-deal-steht\/embed\/#?secret=QLhGEdzGYh#?secret=tj2Spgit9H\" data-secret=\"tj2Spgit9H\" width=\"600\" height=\"338\" frameborder=\"0\" marginwidth=\"0\" marginheight=\"0\" scrolling=\"no\"><\/iframe>\n<\/div>\n<\/figure>\n<p>Der Deal kommt durch eine Neuverhandlung des aktuellen Vertrags des finnischen Forwards zustande und nutzt die 33.000.000 $ an Cap Space, die das Franchise f\u00fcr die kommende Saison zur Verf\u00fcgung hat. Markkanen w\u00fcrde ab n\u00e4chstem Jahr 42.000.000 $ verdienen, aber in den folgenden zwei Spielzeiten mit weniger als 40.000.000 $ zu Buche schlagen. Der Vertrag w\u00fcrde bis 2029 laufen.<\/p>\n<p>Damit w\u00e4re der Big Man (zumindest vorerst) endg\u00fcltig vom Markt und zementiert den Plan der Jazz, in der zweiten H\u00e4lfte des Deals um Erfolge zu k\u00e4mpfen. Markkanen hat wiederholt betont, dass er in Salt Lake City bleiben will, wo er die Stabilit\u00e4t gefunden hat, die ihm in Chicago und Cleveland entgangen war.<\/p>\n<p>(Titelbild von <\/p>\n","protected":false},"excerpt":{"rendered":"<p>Es wird immer weniger ein Geheimnis, dass Lauri Markkanen einen F\u00fcnfjahresvertrag \u00fcber mehr als 200.000.000 $ bei den Utah Jazz unterschreiben wird. Er k\u00f6nnte ihn &#8230; <a title=\"Markkanen unterschreibt Millionen-Deal mit Jazz\" class=\"read-more\" href=\"https:\/\/www.nbamaniacs.com\/de\/geruchte\/markkanen-unterschreibt-millionen-deal-mit-jazz\/\" aria-label=\"Mehr Informationen \u00fcber Markkanen unterschreibt Millionen-Deal mit Jazz\">Mehr lesen<\/a><\/p>\n","protected":false},"author":14497,"featured_media":408152,"comment_status":"open","ping_status":"closed","sticky":false,"template":"","format":"standard","meta":{"ub_ctt_via":"","footnotes":""},"categories":[588],"tags":[3620,35],"class_list":["post-408168","post","type-post","status-publish","format-standard","has-post-thumbnail","hentry","category-geruchte","tag-lauri-markkanen","tag-utah-jazz","no-featured-image-padding","resize-featured-image"],"featured_image_src":"https:\/\/www.nbamaniacs.com\/de\/wp-content\/uploads\/2025\/06\/keine-spanische-headline-vorhanden-91.jpg","author_info":{"display_name":"Niko Jens Schwann","author_link":"https:\/\/www.nbamaniacs.com\/de\/autor\/niko-jens-schwann\/"},"_links":{"self":[{"href":"https:\/\/www.nbamaniacs.com\/de\/wp-json\/wp\/v2\/posts\/408168","targetHints":{"allow":["GET"]}}],"collection":[{"href":"https:\/\/www.nbamaniacs.com\/de\/wp-json\/wp\/v2\/posts"}],"about":[{"href":"https:\/\/www.nbamaniacs.com\/de\/wp-json\/wp\/v2\/types\/post"}],"author":[{"embeddable":true,"href":"https:\/\/www.nbamaniacs.com\/de\/wp-json\/wp\/v2\/users\/14497"}],"replies":[{"embeddable":true,"href":"https:\/\/www.nbamaniacs.com\/de\/wp-json\/wp\/v2\/comments?post=408168"}],"version-history":[{"count":1,"href":"https:\/\/www.nbamaniacs.com\/de\/wp-json\/wp\/v2\/posts\/408168\/revisions"}],"predecessor-version":[{"id":410938,"href":"https:\/\/www.nbamaniacs.com\/de\/wp-json\/wp\/v2\/posts\/408168\/revisions\/410938"}],"wp:featuredmedia":[{"embeddable":true,"href":"https:\/\/www.nbamaniacs.com\/de\/wp-json\/wp\/v2\/media\/408152"}],"wp:attachment":[{"href":"https:\/\/www.nbamaniacs.com\/de\/wp-json\/wp\/v2\/media?parent=408168"}],"wp:term":[{"taxonomy":"category","embeddable":true,"href":"https:\/\/www.nbamaniacs.com\/de\/wp-json\/wp\/v2\/categories?post=408168"},{"taxonomy":"post_tag","embeddable":true,"href":"https:\/\/www.nbamaniacs.com\/de\/wp-json\/wp\/v2\/tags?post=408168"}],"curies":[{"name":"wp","href":"https:\/\/api.w.org\/{rel}","templated":true}]}}