{"id":408169,"date":"2024-08-07T17:16:46","date_gmt":"2024-08-07T15:16:46","guid":{"rendered":"https:\/\/www.nbamaniacs.com\/de\/nachrichten\/markkanen-verlaengert-fuenf-jahre-238-millionen-dollar\/"},"modified":"2024-08-07T17:16:46","modified_gmt":"2024-08-07T15:16:46","slug":"markkanen-verlaengert-fuenf-jahre-238-millionen-dollar","status":"publish","type":"post","link":"https:\/\/www.nbamaniacs.com\/de\/geruchte\/markkanen-verlaengert-fuenf-jahre-238-millionen-dollar\/","title":{"rendered":"Markkanen verl\u00e4ngert: F\u00fcnf Jahre, 238 Millionen Dollar"},"content":{"rendered":"<p>Der geb\u00fcrtige Finne Lauri Markkanen hat sich mit den Utah Jazz auf eine Vertragsverl\u00e4ngerung f\u00fcr die n\u00e4chsten f\u00fcnf Spielzeiten \u00fcber insgesamt 238 Millionen Dollar geeinigt, best\u00e4tigten Quellen gegen\u00fcber <em>ESPN<\/em>.<\/p>\n<p>Sein neuer Vertrag ist 220 Millionen Dollar wert, zus\u00e4tzlich zu den 18 Millionen Dollar, die er in der kommenden Saison 2024-25 verdienen sollte.<\/p>\n<p>Obwohl die Franchise aus Salt Lake City mit den Golden State Warriors Gespr\u00e4che \u00fcber einen m\u00f6glichen Trade f\u00fchrte, bleibt Markkanen (vorerst) unter Head Coach Will Hardy im Team.<\/p>\n<p>&#8222;Sie haben mir gezeigt, dass sie an mich glauben. Von den Besitzern, \u00fcber das Front Office bis hin zu Coach Will (Hardy)&#8220;, sagte Markkanen \u00fcber seine Verl\u00e4ngerung.<\/p>\n<p>&#8222;Wir haben eine richtig gute Atmosph\u00e4re in der Kabine. Ich glaube an dieses Team und m\u00f6chte helfen, es weiterzuentwickeln, w\u00e4hrend ich mich als Spieler verbessere. Wir formen eine siegreiche Mannschaft f\u00fcr zuk\u00fcnftige Herausforderungen&#8220;, erkl\u00e4rte er.<\/p>\n<p>Markkanen kam am 28. August 2021 im Rahmen eines Drei-Team-Trades mit Portland und Cleveland nach Utah, bei dem Star Donovan Mitchell zum Team aus Ohio wechselte.<\/p>\n<p>Seit seinem Wechsel zu den Jazz hat er 121 offizielle Spiele bestritten und dabei die besten Durchschnittswerte seiner NBA-Karriere aufgelegt: 24,5 Punkte, 8,4 Rebounds und 1,9 Assists in 33,8 Minuten pro Einsatz.<\/p>\n<p><em>(Titelbild: Patrick Smith\/Getty Images)<\/em><\/p>\n","protected":false},"excerpt":{"rendered":"<p>Der geb\u00fcrtige Finne Lauri Markkanen hat sich mit den Utah Jazz auf eine Vertragsverl\u00e4ngerung f\u00fcr die n\u00e4chsten f\u00fcnf Spielzeiten \u00fcber insgesamt 238 Millionen Dollar geeinigt, &#8230; <a title=\"Markkanen verl\u00e4ngert: F\u00fcnf Jahre, 238 Millionen Dollar\" class=\"read-more\" href=\"https:\/\/www.nbamaniacs.com\/de\/geruchte\/markkanen-verlaengert-fuenf-jahre-238-millionen-dollar\/\" aria-label=\"Mehr Informationen \u00fcber Markkanen verl\u00e4ngert: F\u00fcnf Jahre, 238 Millionen Dollar\">Mehr lesen<\/a><\/p>\n","protected":false},"author":14497,"featured_media":408149,"comment_status":"open","ping_status":"closed","sticky":false,"template":"","format":"standard","meta":{"ub_ctt_via":"","footnotes":""},"categories":[588],"tags":[3620,35],"class_list":["post-408169","post","type-post","status-publish","format-standard","has-post-thumbnail","hentry","category-geruchte","tag-lauri-markkanen","tag-utah-jazz","no-featured-image-padding","resize-featured-image"],"featured_image_src":"https:\/\/www.nbamaniacs.com\/de\/wp-content\/uploads\/2025\/06\/fehlende-spanische-headline-zur-bersetzung.jpg","author_info":{"display_name":"Niko Jens Schwann","author_link":"https:\/\/www.nbamaniacs.com\/de\/autor\/niko-jens-schwann\/"},"_links":{"self":[{"href":"https:\/\/www.nbamaniacs.com\/de\/wp-json\/wp\/v2\/posts\/408169","targetHints":{"allow":["GET"]}}],"collection":[{"href":"https:\/\/www.nbamaniacs.com\/de\/wp-json\/wp\/v2\/posts"}],"about":[{"href":"https:\/\/www.nbamaniacs.com\/de\/wp-json\/wp\/v2\/types\/post"}],"author":[{"embeddable":true,"href":"https:\/\/www.nbamaniacs.com\/de\/wp-json\/wp\/v2\/users\/14497"}],"replies":[{"embeddable":true,"href":"https:\/\/www.nbamaniacs.com\/de\/wp-json\/wp\/v2\/comments?post=408169"}],"version-history":[{"count":0,"href":"https:\/\/www.nbamaniacs.com\/de\/wp-json\/wp\/v2\/posts\/408169\/revisions"}],"wp:featuredmedia":[{"embeddable":true,"href":"https:\/\/www.nbamaniacs.com\/de\/wp-json\/wp\/v2\/media\/408149"}],"wp:attachment":[{"href":"https:\/\/www.nbamaniacs.com\/de\/wp-json\/wp\/v2\/media?parent=408169"}],"wp:term":[{"taxonomy":"category","embeddable":true,"href":"https:\/\/www.nbamaniacs.com\/de\/wp-json\/wp\/v2\/categories?post=408169"},{"taxonomy":"post_tag","embeddable":true,"href":"https:\/\/www.nbamaniacs.com\/de\/wp-json\/wp\/v2\/tags?post=408169"}],"curies":[{"name":"wp","href":"https:\/\/api.w.org\/{rel}","templated":true}]}}