{"id":408170,"date":"2024-08-05T11:00:05","date_gmt":"2024-08-05T09:00:05","guid":{"rendered":"https:\/\/www.nbamaniacs.com\/de\/nachrichten\/markkanen-und-george-trainieren-in-finnland-zukunft-offen\/"},"modified":"2025-06-11T12:05:50","modified_gmt":"2025-06-11T10:05:50","slug":"markkanen-und-george-trainieren-in-finnland-zukunft-offen","status":"publish","type":"post","link":"https:\/\/www.nbamaniacs.com\/de\/geruchte\/markkanen-und-george-trainieren-in-finnland-zukunft-offen\/","title":{"rendered":"Markkanen und George trainieren in Finnland \u2013 Zukunft offen"},"content":{"rendered":"<p>In den letzten Tagen haben sich die Ger\u00fcchte um einen m\u00f6glichen Wechsel von Lauri Markkanen zu den Golden State Warriors verdichtet. Allerdings scheinen die Verhandlungen zu stocken, da die Franchise aus San Francisco <a href=\"https:\/\/www.nbamaniacs.com\/de\/geruchte\/warriors-halten-podziemski-kein-tausch-gegen-markkanen\/\">nicht bereit ist, den jungen Spieler Brandin Podziemski in den Deal einzubinden<\/a>.<\/p>\n<p>Wie geht es f\u00fcr Markkanen weiter? Vielleicht mit einer Vertragsverl\u00e4ngerung bei den Jazz. Nach aktuellen Zahlen k\u00f6nnte es um weitere vier Jahre und rund 115 Millionen Dollar gehen.<\/p>\n<p>Der finnische Forward trainiert derzeit zusammen mit Teamkollege Keyonte George in Finnland, wie Journalist Marc Stein berichtet, w\u00e4hrend er abwartet, ob sich seine Zukunft in den n\u00e4chsten Tagen (oder vielleicht auch nicht) kl\u00e4rt.<\/p>\n<p>Es besteht auch die M\u00f6glichkeit, seinen aktuellen Vertrag, der leicht \u00fcber 18,3 Millionen Dollar liegt, zu erf\u00fcllen und dann im Sommer 2025 neu zu verhandeln.<\/p>\n<p>Markkanen kam am 1. September 2022 im Zuge des Donovan-Mitchell-Trades zu den Jazz. Seitdem hat er in 121 offiziellen Partien durchschnittlich 24,5 Punkte, 8,4 Rebounds und 1,9 Assists in 33,8 Minuten pro Spiel aufgelegt.<\/p>\n<p><em>(Cover photo: Alex Goodlett\/Getty Images)<\/em><\/p>\n","protected":false},"excerpt":{"rendered":"<p>In den letzten Tagen haben sich die Ger\u00fcchte um einen m\u00f6glichen Wechsel von Lauri Markkanen zu den Golden State Warriors verdichtet. Allerdings scheinen die Verhandlungen &#8230; <a title=\"Markkanen und George trainieren in Finnland \u2013 Zukunft offen\" class=\"read-more\" href=\"https:\/\/www.nbamaniacs.com\/de\/geruchte\/markkanen-und-george-trainieren-in-finnland-zukunft-offen\/\" aria-label=\"Mehr Informationen \u00fcber Markkanen und George trainieren in Finnland \u2013 Zukunft offen\">Mehr lesen<\/a><\/p>\n","protected":false},"author":14497,"featured_media":408148,"comment_status":"open","ping_status":"closed","sticky":false,"template":"","format":"standard","meta":{"ub_ctt_via":"","footnotes":""},"categories":[588],"tags":[4922,4973,3620,35],"class_list":["post-408170","post","type-post","status-publish","format-standard","has-post-thumbnail","hentry","category-geruchte","tag-brandin-podziemski","tag-keyonte-george","tag-lauri-markkanen","tag-utah-jazz","no-featured-image-padding","resize-featured-image"],"featured_image_src":"https:\/\/www.nbamaniacs.com\/de\/wp-content\/uploads\/2025\/06\/lebron-f-uhrt-lakers-zum-wichtigen-ausw-artssieg-6.jpg","author_info":{"display_name":"Niko Jens Schwann","author_link":"https:\/\/www.nbamaniacs.com\/de\/autor\/niko-jens-schwann\/"},"_links":{"self":[{"href":"https:\/\/www.nbamaniacs.com\/de\/wp-json\/wp\/v2\/posts\/408170","targetHints":{"allow":["GET"]}}],"collection":[{"href":"https:\/\/www.nbamaniacs.com\/de\/wp-json\/wp\/v2\/posts"}],"about":[{"href":"https:\/\/www.nbamaniacs.com\/de\/wp-json\/wp\/v2\/types\/post"}],"author":[{"embeddable":true,"href":"https:\/\/www.nbamaniacs.com\/de\/wp-json\/wp\/v2\/users\/14497"}],"replies":[{"embeddable":true,"href":"https:\/\/www.nbamaniacs.com\/de\/wp-json\/wp\/v2\/comments?post=408170"}],"version-history":[{"count":1,"href":"https:\/\/www.nbamaniacs.com\/de\/wp-json\/wp\/v2\/posts\/408170\/revisions"}],"predecessor-version":[{"id":410941,"href":"https:\/\/www.nbamaniacs.com\/de\/wp-json\/wp\/v2\/posts\/408170\/revisions\/410941"}],"wp:featuredmedia":[{"embeddable":true,"href":"https:\/\/www.nbamaniacs.com\/de\/wp-json\/wp\/v2\/media\/408148"}],"wp:attachment":[{"href":"https:\/\/www.nbamaniacs.com\/de\/wp-json\/wp\/v2\/media?parent=408170"}],"wp:term":[{"taxonomy":"category","embeddable":true,"href":"https:\/\/www.nbamaniacs.com\/de\/wp-json\/wp\/v2\/categories?post=408170"},{"taxonomy":"post_tag","embeddable":true,"href":"https:\/\/www.nbamaniacs.com\/de\/wp-json\/wp\/v2\/tags?post=408170"}],"curies":[{"name":"wp","href":"https:\/\/api.w.org\/{rel}","templated":true}]}}