{"id":408171,"date":"2024-08-08T09:00:00","date_gmt":"2024-08-08T07:00:00","guid":{"rendered":"https:\/\/www.nbamaniacs.com\/de\/nachrichten\/warriors-verzichten-auf-ingram-und-lavine\/"},"modified":"2025-06-11T12:05:35","modified_gmt":"2025-06-11T10:05:35","slug":"warriors-verzichten-auf-ingram-und-lavine","status":"publish","type":"post","link":"https:\/\/www.nbamaniacs.com\/de\/geruchte\/warriors-verzichten-auf-ingram-und-lavine\/","title":{"rendered":"Warriors verzichten auf Ingram und LaVine"},"content":{"rendered":"<p>Die Warriors waren in der Saison 2023\u201324 weit davon entfernt, wie ein Titelanw\u00e4rter auszusehen. Sie wissen genau, dass sie f\u00fcr eine Kehrtwende im kommenden Jahr etwas unternehmen m\u00fcssen. Deshalb startete San Francisco in die Offseason mit dem Ziel, Lauri Markkanen zu holen. Doch seit <a href=\"https:\/\/www.nbamaniacs.com\/de\/geruchte\/markkanen-verlaengert-fuenf-jahre-238-millionen-dollar\/\">der finnische Star eine Vertragsverl\u00e4ngerung<\/a> mit den Jazz unterschrieben hat, ist diese Option vom Tisch. Nun m\u00fcssen sie umschalten und sich nach anderen Spitzenspielern auf dem Markt umsehen.<\/p>\n<p>Spieler dieses Kalibers zu finden, deren Teams bereit sind, sie abzugeben, ist jedoch nicht einfach. Zurzeit scheinen Zach LaVine und Brandon Ingram die gr\u00f6\u00dften Namen auf dem Trade-Markt zu sein, doch laut Shams Charania, Anthony Slater und Tony Jones von <em>The Athletic<\/em> hat Golden State kein Interesse daran, einen Deal f\u00fcr einen der beiden einzuf\u00e4deln.<\/p>\n<p>Das Front Office will den Kader weiterhin verbessern, doch es sieht so aus, als k\u00e4me vor dem Start der Regular Season nur ein kleinerer Move infrage. Nachdem ihnen Markkanen entgangen ist, will die Franchise mit ihren jungen Spielern und Draft-Picks in die neue Spielzeit gehen und sie als Trade-Chips behalten, um jede sich bietende Gelegenheit im Laufe der Saison nutzen zu k\u00f6nnen.<\/p>\n<p><em>(Cover photo: Jamie Sabau\/Getty Images)<\/em><\/p>\n","protected":false},"excerpt":{"rendered":"<p>Die Warriors waren in der Saison 2023\u201324 weit davon entfernt, wie ein Titelanw\u00e4rter auszusehen. Sie wissen genau, dass sie f\u00fcr eine Kehrtwende im kommenden Jahr &#8230; <a title=\"Warriors verzichten auf Ingram und LaVine\" class=\"read-more\" href=\"https:\/\/www.nbamaniacs.com\/de\/geruchte\/warriors-verzichten-auf-ingram-und-lavine\/\" aria-label=\"Mehr Informationen \u00fcber Warriors verzichten auf Ingram und LaVine\">Mehr lesen<\/a><\/p>\n","protected":false},"author":14497,"featured_media":408145,"comment_status":"open","ping_status":"closed","sticky":false,"template":"","format":"standard","meta":{"ub_ctt_via":"","footnotes":""},"categories":[588],"tags":[3062,26,3620,2365],"class_list":["post-408171","post","type-post","status-publish","format-standard","has-post-thumbnail","hentry","category-geruchte","tag-brandon-ingram","tag-golden-state-warriors","tag-lauri-markkanen","tag-zach-lavine","no-featured-image-padding","resize-featured-image"],"featured_image_src":"https:\/\/www.nbamaniacs.com\/de\/wp-content\/uploads\/2025\/06\/kein-spanisch-zu-ubersetzen-1.jpg","author_info":{"display_name":"Niko Jens Schwann","author_link":"https:\/\/www.nbamaniacs.com\/de\/autor\/niko-jens-schwann\/"},"_links":{"self":[{"href":"https:\/\/www.nbamaniacs.com\/de\/wp-json\/wp\/v2\/posts\/408171","targetHints":{"allow":["GET"]}}],"collection":[{"href":"https:\/\/www.nbamaniacs.com\/de\/wp-json\/wp\/v2\/posts"}],"about":[{"href":"https:\/\/www.nbamaniacs.com\/de\/wp-json\/wp\/v2\/types\/post"}],"author":[{"embeddable":true,"href":"https:\/\/www.nbamaniacs.com\/de\/wp-json\/wp\/v2\/users\/14497"}],"replies":[{"embeddable":true,"href":"https:\/\/www.nbamaniacs.com\/de\/wp-json\/wp\/v2\/comments?post=408171"}],"version-history":[{"count":1,"href":"https:\/\/www.nbamaniacs.com\/de\/wp-json\/wp\/v2\/posts\/408171\/revisions"}],"predecessor-version":[{"id":410935,"href":"https:\/\/www.nbamaniacs.com\/de\/wp-json\/wp\/v2\/posts\/408171\/revisions\/410935"}],"wp:featuredmedia":[{"embeddable":true,"href":"https:\/\/www.nbamaniacs.com\/de\/wp-json\/wp\/v2\/media\/408145"}],"wp:attachment":[{"href":"https:\/\/www.nbamaniacs.com\/de\/wp-json\/wp\/v2\/media?parent=408171"}],"wp:term":[{"taxonomy":"category","embeddable":true,"href":"https:\/\/www.nbamaniacs.com\/de\/wp-json\/wp\/v2\/categories?post=408171"},{"taxonomy":"post_tag","embeddable":true,"href":"https:\/\/www.nbamaniacs.com\/de\/wp-json\/wp\/v2\/tags?post=408171"}],"curies":[{"name":"wp","href":"https:\/\/api.w.org\/{rel}","templated":true}]}}