{"id":408172,"date":"2024-08-05T07:00:00","date_gmt":"2024-08-05T05:00:00","guid":{"rendered":"https:\/\/www.nbamaniacs.com\/de\/nachrichten\/warriors-halten-podziemski-kein-tausch-gegen-markkanen\/"},"modified":"2025-06-11T12:05:54","modified_gmt":"2025-06-11T10:05:54","slug":"warriors-halten-podziemski-kein-tausch-gegen-markkanen","status":"publish","type":"post","link":"https:\/\/www.nbamaniacs.com\/de\/geruchte\/warriors-halten-podziemski-kein-tausch-gegen-markkanen\/","title":{"rendered":"Warriors halten Podziemski \u2013 kein Tausch gegen Markkanen"},"content":{"rendered":"<p>Golden State versucht, ein Roster aufzubauen, das Stephen Curry einen weiteren Ring in den Troph\u00e4enschrank stellt, und daf\u00fcr scheinen sie sich <a href=\"https:\/\/www.nbamaniacs.com\/de\/geruchte\/warriors-feilen-an-markkanen-angebot\/\">Lauri Markkanen<\/a> ausgesucht zu haben. Allerdings will das Team aus San Francisco f\u00fcr diesen Deal nicht seine Zukunft opfern. Laut Marc Stein in <em>The Stein Line<\/em> ist der Name des jungen Guards in den Verhandlungen aufgetaucht. Und jedes Mal, wenn zur Sprache kam, ihn einzubinden, lautete die Antwort: nein. Denn das <a href=\"https:\/\/www.nbamaniacs.com\/de\/nachrichten\/warriors-foerdern-podziemski-als-kuenftigen-all-star\/\">Vertrauen der Franchise in ihn f\u00fcr die Zukunft ist enorm<\/a> und sie wollen ihn nicht so einfach ziehen lassen.<\/p>\n<p>Stein merkt an, dass die Warriors auch bei Jonathan Kuminga z\u00f6gern, sodass ihr Angebot vorerst aus Moses Moody und mehreren Draft Picks best\u00fcnde. Aus verst\u00e4ndlichen Gr\u00fcnden wirkt das f\u00fcr die Jazz nicht sonderlich attraktiv. Sie w\u00fcrden nur wenige Mittel f\u00fcr den Umbau ihres Rosters erhalten, wenn sie daf\u00fcr ihren besten Spieler abgeben.<\/p>\n<h2 class=\"wp-block-heading\">Verl\u00e4ngerung in Sicht?<\/h2>\n<p>In diesem Zusammenhang sollte man nicht vergessen, dass Markkanen in der Saison 2024\u201325 in sein letztes Vertragsjahr geht. Ab dem 6. August kann er zudem eine Verl\u00e4ngerung unterzeichnen. Das ist wichtig, weil er dann sechs Monate lang nicht getradet werden k\u00f6nnte. Er bliebe also mindestens bis zum 6. Februar 2025 in Utah \u2013 an genau dem Tag schlie\u00dft das Trade-Fenster. Mit anderen Worten: Wenn er verl\u00e4ngert, kann er die Jazz vor dem Sommer 2025 nicht verlassen.<\/p>\n<p>Das k\u00f6nnte die Warriors unter Druck setzen, denn Lauri k\u00f6nnte seine Zukunft kl\u00e4ren wollen, bevor die n\u00e4chste Saison beginnt. Doch dieser Schritt w\u00fcrde jede Trade-Option beenden. Wird Golden State also bereit sein, einen vielversprechenden Spieler wie Podziemski einzubinden?<\/p>\n<p><em>(Titelbild: Jared C. Tilton\/Getty Images)<\/em><\/p>\n","protected":false},"excerpt":{"rendered":"<p>Golden State versucht, ein Roster aufzubauen, das Stephen Curry einen weiteren Ring in den Troph\u00e4enschrank stellt, und daf\u00fcr scheinen sie sich Lauri Markkanen ausgesucht zu &#8230; <a title=\"Warriors halten Podziemski \u2013 kein Tausch gegen Markkanen\" class=\"read-more\" href=\"https:\/\/www.nbamaniacs.com\/de\/geruchte\/warriors-halten-podziemski-kein-tausch-gegen-markkanen\/\" aria-label=\"Mehr Informationen \u00fcber Warriors halten Podziemski \u2013 kein Tausch gegen Markkanen\">Mehr lesen<\/a><\/p>\n","protected":false},"author":14497,"featured_media":408157,"comment_status":"open","ping_status":"closed","sticky":false,"template":"","format":"standard","meta":{"ub_ctt_via":"","footnotes":""},"categories":[588],"tags":[4922,26,3620,35],"class_list":["post-408172","post","type-post","status-publish","format-standard","has-post-thumbnail","hentry","category-geruchte","tag-brandin-podziemski","tag-golden-state-warriors","tag-lauri-markkanen","tag-utah-jazz","no-featured-image-padding","resize-featured-image"],"featured_image_src":"https:\/\/www.nbamaniacs.com\/de\/wp-content\/uploads\/2025\/06\/curry-gl-anzt-warriors-sichern-playoff-sieg.jpg","author_info":{"display_name":"Niko Jens Schwann","author_link":"https:\/\/www.nbamaniacs.com\/de\/autor\/niko-jens-schwann\/"},"_links":{"self":[{"href":"https:\/\/www.nbamaniacs.com\/de\/wp-json\/wp\/v2\/posts\/408172","targetHints":{"allow":["GET"]}}],"collection":[{"href":"https:\/\/www.nbamaniacs.com\/de\/wp-json\/wp\/v2\/posts"}],"about":[{"href":"https:\/\/www.nbamaniacs.com\/de\/wp-json\/wp\/v2\/types\/post"}],"author":[{"embeddable":true,"href":"https:\/\/www.nbamaniacs.com\/de\/wp-json\/wp\/v2\/users\/14497"}],"replies":[{"embeddable":true,"href":"https:\/\/www.nbamaniacs.com\/de\/wp-json\/wp\/v2\/comments?post=408172"}],"version-history":[{"count":1,"href":"https:\/\/www.nbamaniacs.com\/de\/wp-json\/wp\/v2\/posts\/408172\/revisions"}],"predecessor-version":[{"id":410942,"href":"https:\/\/www.nbamaniacs.com\/de\/wp-json\/wp\/v2\/posts\/408172\/revisions\/410942"}],"wp:featuredmedia":[{"embeddable":true,"href":"https:\/\/www.nbamaniacs.com\/de\/wp-json\/wp\/v2\/media\/408157"}],"wp:attachment":[{"href":"https:\/\/www.nbamaniacs.com\/de\/wp-json\/wp\/v2\/media?parent=408172"}],"wp:term":[{"taxonomy":"category","embeddable":true,"href":"https:\/\/www.nbamaniacs.com\/de\/wp-json\/wp\/v2\/categories?post=408172"},{"taxonomy":"post_tag","embeddable":true,"href":"https:\/\/www.nbamaniacs.com\/de\/wp-json\/wp\/v2\/tags?post=408172"}],"curies":[{"name":"wp","href":"https:\/\/api.w.org\/{rel}","templated":true}]}}