{"id":408286,"date":"2024-07-12T20:30:00","date_gmt":"2024-07-12T18:30:00","guid":{"rendered":"https:\/\/www.nbamaniacs.com\/de\/nachrichten\/markkanen-rueckt-neuem-utah-vertrag-naeher\/"},"modified":"2024-07-12T20:30:00","modified_gmt":"2024-07-12T18:30:00","slug":"markkanen-rueckt-neuem-utah-vertrag-naeher","status":"publish","type":"post","link":"https:\/\/www.nbamaniacs.com\/de\/geruchte\/markkanen-rueckt-neuem-utah-vertrag-naeher\/","title":{"rendered":"Markkanen r\u00fcckt neuem Utah-Vertrag n\u00e4her"},"content":{"rendered":"<p>Nach der ersten Welle an Transaktionen in der NBA <em>offseason<\/em> wurde Lauri Markkanen zum begehrtesten Spieler der Liga per Trade. Dennoch haben die Utah Jazz nicht offengelegt, was sie mit dem finnischen Spieler vorhaben \u2013 ob sie ihn behalten oder abgeben wollen. Da sich die Lage jetzt beruhigt hat, liegt die logischste Annahme darin, dass Markkanen und das Franchise aus Salt Lake City sich auf eine Verl\u00e4ngerung einigen \u2013 auch wenn das m\u00f6glicherweise nicht so ist, wie es scheint.<\/p>\n<p>Wenn der Big Man vor dem 6. August unterschreibt, wird sein Vertrag f\u00fcr die n\u00e4chste Saison tauschbar. Genauer gesagt k\u00f6nnten die Jazz ihn am 6. Februar, also p\u00fcnktlich zur Winter-Trade-Deadline, verschieben. Das ist bedeutend, weil Markkanen sich dann per Bird Rights einen Max-Vertrag sichern k\u00f6nnte, w\u00e4hrend Utah seinen Gegenwert f\u00fcr den Skandinavier maximieren w\u00fcrde \u2013 denn sein Vertrag ist aktuell <em>expiring<\/em>.<\/p>\n<p><em>(Cover photo by Maddie Meyer\/Getty Images)<\/em><\/p>\n","protected":false},"excerpt":{"rendered":"<p>Nach der ersten Welle an Transaktionen in der NBA offseason wurde Lauri Markkanen zum begehrtesten Spieler der Liga per Trade. Dennoch haben die Utah Jazz &#8230; <a title=\"Markkanen r\u00fcckt neuem Utah-Vertrag n\u00e4her\" class=\"read-more\" href=\"https:\/\/www.nbamaniacs.com\/de\/geruchte\/markkanen-rueckt-neuem-utah-vertrag-naeher\/\" aria-label=\"Mehr Informationen \u00fcber Markkanen r\u00fcckt neuem Utah-Vertrag n\u00e4her\">Mehr lesen<\/a><\/p>\n","protected":false},"author":14497,"featured_media":408272,"comment_status":"open","ping_status":"closed","sticky":false,"template":"","format":"standard","meta":{"ub_ctt_via":"","footnotes":""},"categories":[588],"tags":[3620,35],"class_list":["post-408286","post","type-post","status-publish","format-standard","has-post-thumbnail","hentry","category-geruchte","tag-lauri-markkanen","tag-utah-jazz","no-featured-image-padding","resize-featured-image"],"featured_image_src":"https:\/\/www.nbamaniacs.com\/de\/wp-content\/uploads\/2025\/06\/keine-spanische-schlagzeile-angegeben-14.jpg","author_info":{"display_name":"Niko Jens Schwann","author_link":"https:\/\/www.nbamaniacs.com\/de\/autor\/niko-jens-schwann\/"},"_links":{"self":[{"href":"https:\/\/www.nbamaniacs.com\/de\/wp-json\/wp\/v2\/posts\/408286","targetHints":{"allow":["GET"]}}],"collection":[{"href":"https:\/\/www.nbamaniacs.com\/de\/wp-json\/wp\/v2\/posts"}],"about":[{"href":"https:\/\/www.nbamaniacs.com\/de\/wp-json\/wp\/v2\/types\/post"}],"author":[{"embeddable":true,"href":"https:\/\/www.nbamaniacs.com\/de\/wp-json\/wp\/v2\/users\/14497"}],"replies":[{"embeddable":true,"href":"https:\/\/www.nbamaniacs.com\/de\/wp-json\/wp\/v2\/comments?post=408286"}],"version-history":[{"count":0,"href":"https:\/\/www.nbamaniacs.com\/de\/wp-json\/wp\/v2\/posts\/408286\/revisions"}],"wp:featuredmedia":[{"embeddable":true,"href":"https:\/\/www.nbamaniacs.com\/de\/wp-json\/wp\/v2\/media\/408272"}],"wp:attachment":[{"href":"https:\/\/www.nbamaniacs.com\/de\/wp-json\/wp\/v2\/media?parent=408286"}],"wp:term":[{"taxonomy":"category","embeddable":true,"href":"https:\/\/www.nbamaniacs.com\/de\/wp-json\/wp\/v2\/categories?post=408286"},{"taxonomy":"post_tag","embeddable":true,"href":"https:\/\/www.nbamaniacs.com\/de\/wp-json\/wp\/v2\/tags?post=408286"}],"curies":[{"name":"wp","href":"https:\/\/api.w.org\/{rel}","templated":true}]}}