{"id":408309,"date":"2024-07-10T08:00:00","date_gmt":"2024-07-10T06:00:00","guid":{"rendered":"https:\/\/www.nbamaniacs.com\/de\/nachrichten\/suns-peilen-kyle-lowry-an\/"},"modified":"2024-07-10T08:00:00","modified_gmt":"2024-07-10T06:00:00","slug":"suns-peilen-kyle-lowry-an","status":"publish","type":"post","link":"https:\/\/www.nbamaniacs.com\/de\/geruchte\/suns-peilen-kyle-lowry-an\/","title":{"rendered":"Suns peilen Kyle Lowry an"},"content":{"rendered":"<p>Kyle Lowry ist vielleicht der bekannteste Veteran, der noch auf dem Markt ist. Mit 38 Jahren hat der <em>point guard<\/em> gerade seinen Vertrag bei den Philadelphia 76ers beendet und kann frei \u00fcber seine Zukunft entscheiden. Doch nach 10 Tagen Free Agency bleibt er ohne neues Team.<\/p>\n<p>Die Situation des <em>point guard<\/em> k\u00f6nnte sich bald \u00e4ndern. Laut Gerald Bourguet von Phoenix Sports sind die Suns momentan am n\u00e4chsten dran, einen Deal f\u00fcr die NBA-Saison 2024-25 zu finalisieren. Er berichtet sogar, dass beide Seiten aktuell in Verhandlungen stehen.<\/p>\n<p>Die Wahrheit ist, die Suns brauchten (und brauchen immer noch) einen <em>point guard<\/em>. Mit Monte Morris als einziger Option auf dieser Position \u2013 Devin Booker ist kein <em>point guard<\/em> \u2013 betonte der neue Head Coach Mike Budenholzer auf seiner Pressekonferenz, dass <a href=\"https:\/\/www.nbamaniacs.com\/noticias\/mike-budenholzer-comunica-su-primera-peticion-a-los-suns\/\">sie unbedingt einen Spieler f\u00fcr diese Rolle holen mussten<\/a>. Er gab allerdings zu, dass der Plan vorsieht, zwei Ans\u00e4tze abzuwechseln (mal mit einem echten <em>point guard<\/em>, mal ohne).<\/p>\n<p>Was Lowry beisteuern kann, steht au\u00dfer Frage. In der Saison 2023-24 kam er bei den Sixers auf durchschnittlich 8,0 Punkte, 4,6 Assists und 2,8 Rebounds in 28,4 Minuten pro Spiel. W\u00e4re seine Verpflichtung der richtige Schritt f\u00fcr Phoenix?<\/p>\n<p><em>(Photo by Sarah Stier\/Getty Images)<\/em><\/p>\n","protected":false},"excerpt":{"rendered":"<p>Kyle Lowry ist vielleicht der bekannteste Veteran, der noch auf dem Markt ist. Mit 38 Jahren hat der point guard gerade seinen Vertrag bei den &#8230; <a title=\"Suns peilen Kyle Lowry an\" class=\"read-more\" href=\"https:\/\/www.nbamaniacs.com\/de\/geruchte\/suns-peilen-kyle-lowry-an\/\" aria-label=\"Mehr Informationen \u00fcber Suns peilen Kyle Lowry an\">Mehr lesen<\/a><\/p>\n","protected":false},"author":14497,"featured_media":408294,"comment_status":"open","ping_status":"closed","sticky":false,"template":"","format":"standard","meta":{"ub_ctt_via":"","footnotes":""},"categories":[588],"tags":[387,7],"class_list":["post-408309","post","type-post","status-publish","format-standard","has-post-thumbnail","hentry","category-geruchte","tag-kyle-lowry","tag-phoenix-suns","no-featured-image-padding","resize-featured-image"],"featured_image_src":"https:\/\/www.nbamaniacs.com\/de\/wp-content\/uploads\/2025\/06\/keine-spanische-schlagzeile-verf-ugbar-28.jpg","author_info":{"display_name":"Niko Jens Schwann","author_link":"https:\/\/www.nbamaniacs.com\/de\/autor\/niko-jens-schwann\/"},"_links":{"self":[{"href":"https:\/\/www.nbamaniacs.com\/de\/wp-json\/wp\/v2\/posts\/408309","targetHints":{"allow":["GET"]}}],"collection":[{"href":"https:\/\/www.nbamaniacs.com\/de\/wp-json\/wp\/v2\/posts"}],"about":[{"href":"https:\/\/www.nbamaniacs.com\/de\/wp-json\/wp\/v2\/types\/post"}],"author":[{"embeddable":true,"href":"https:\/\/www.nbamaniacs.com\/de\/wp-json\/wp\/v2\/users\/14497"}],"replies":[{"embeddable":true,"href":"https:\/\/www.nbamaniacs.com\/de\/wp-json\/wp\/v2\/comments?post=408309"}],"version-history":[{"count":0,"href":"https:\/\/www.nbamaniacs.com\/de\/wp-json\/wp\/v2\/posts\/408309\/revisions"}],"wp:featuredmedia":[{"embeddable":true,"href":"https:\/\/www.nbamaniacs.com\/de\/wp-json\/wp\/v2\/media\/408294"}],"wp:attachment":[{"href":"https:\/\/www.nbamaniacs.com\/de\/wp-json\/wp\/v2\/media?parent=408309"}],"wp:term":[{"taxonomy":"category","embeddable":true,"href":"https:\/\/www.nbamaniacs.com\/de\/wp-json\/wp\/v2\/categories?post=408309"},{"taxonomy":"post_tag","embeddable":true,"href":"https:\/\/www.nbamaniacs.com\/de\/wp-json\/wp\/v2\/tags?post=408309"}],"curies":[{"name":"wp","href":"https:\/\/api.w.org\/{rel}","templated":true}]}}