{"id":408527,"date":"2024-06-28T19:00:00","date_gmt":"2024-06-28T17:00:00","guid":{"rendered":"https:\/\/www.nbamaniacs.com\/de\/nachrichten\/fournier-peilt-europa-wechsel-an\/"},"modified":"2024-06-28T19:00:00","modified_gmt":"2024-06-28T17:00:00","slug":"fournier-peilt-europa-wechsel-an","status":"publish","type":"post","link":"https:\/\/www.nbamaniacs.com\/de\/geruchte\/fournier-peilt-europa-wechsel-an\/","title":{"rendered":"Fournier peilt Europa-Wechsel an"},"content":{"rendered":"<p>Seit seiner Ankunft in New York erlebt Evan Fournier in der NBA einen dramatischen Absturz. Vom einstigen Top-Scorer wurde er zu einem Spieler, der in Tom Thibodeaus Knicks kaum noch eine Rolle spielt. Jetzt ist er Teil eines strauchelnden Detroit-Pistons-Kaders \u2013 alles in nur zweieinhalb Jahren. Berichten zufolge arbeitet das Franchise aus Michigan an einer Vertragsaufl\u00f6sung, bei der ihm noch ein Jahr und 19 Millionen Dollar zustehen.<\/p>\n<p>Das Ger\u00fccht \u00fcberrascht wenig, doch sein m\u00f6gliches Ausma\u00df schon. Mit 31 Jahren kann der franz\u00f6sische Shooting Guard immer noch in einer NBA-Rotation helfen. Dennoch denkt er ernsthaft \u00fcber eine R\u00fcckkehr nach Europa nach. Bereits vor einem Monat berichteten Medien von einem m\u00f6glichen Wechsel zu ASVEL Villeurbanne oder Olympiacos.<\/p>\n<p>Er hat bereits 12 Saisons in der besten Liga der Welt absolviert, nachdem er 2021 als 20. Pick aus Union Poitiers Basket 86 in die NBA kam. In diesem Jahr lief er f\u00fcr die Knicks und die Pistons lediglich in 32 Spielen auf, mit durchschnittlich 6,9 Punkten in 18 Minuten pro Begegnung.<\/p>\n<p><em>(Titelbild von Elsa\/Getty Images)<\/em><\/p>\n","protected":false},"excerpt":{"rendered":"<p>Seit seiner Ankunft in New York erlebt Evan Fournier in der NBA einen dramatischen Absturz. Vom einstigen Top-Scorer wurde er zu einem Spieler, der in &#8230; <a title=\"Fournier peilt Europa-Wechsel an\" class=\"read-more\" href=\"https:\/\/www.nbamaniacs.com\/de\/geruchte\/fournier-peilt-europa-wechsel-an\/\" aria-label=\"Mehr Informationen \u00fcber Fournier peilt Europa-Wechsel an\">Mehr lesen<\/a><\/p>\n","protected":false},"author":14497,"featured_media":408505,"comment_status":"open","ping_status":"closed","sticky":false,"template":"","format":"standard","meta":{"ub_ctt_via":"","footnotes":""},"categories":[588],"tags":[22,1476],"class_list":["post-408527","post","type-post","status-publish","format-standard","has-post-thumbnail","hentry","category-geruchte","tag-detroit-pistons","tag-evan-fournier","no-featured-image-padding","resize-featured-image"],"featured_image_src":"https:\/\/www.nbamaniacs.com\/de\/wp-content\/uploads\/2025\/06\/doncic-f-uhrt-die-mavericks-zum-packenden-sieg.jpg","author_info":{"display_name":"Niko Jens Schwann","author_link":"https:\/\/www.nbamaniacs.com\/de\/autor\/niko-jens-schwann\/"},"_links":{"self":[{"href":"https:\/\/www.nbamaniacs.com\/de\/wp-json\/wp\/v2\/posts\/408527","targetHints":{"allow":["GET"]}}],"collection":[{"href":"https:\/\/www.nbamaniacs.com\/de\/wp-json\/wp\/v2\/posts"}],"about":[{"href":"https:\/\/www.nbamaniacs.com\/de\/wp-json\/wp\/v2\/types\/post"}],"author":[{"embeddable":true,"href":"https:\/\/www.nbamaniacs.com\/de\/wp-json\/wp\/v2\/users\/14497"}],"replies":[{"embeddable":true,"href":"https:\/\/www.nbamaniacs.com\/de\/wp-json\/wp\/v2\/comments?post=408527"}],"version-history":[{"count":0,"href":"https:\/\/www.nbamaniacs.com\/de\/wp-json\/wp\/v2\/posts\/408527\/revisions"}],"wp:featuredmedia":[{"embeddable":true,"href":"https:\/\/www.nbamaniacs.com\/de\/wp-json\/wp\/v2\/media\/408505"}],"wp:attachment":[{"href":"https:\/\/www.nbamaniacs.com\/de\/wp-json\/wp\/v2\/media?parent=408527"}],"wp:term":[{"taxonomy":"category","embeddable":true,"href":"https:\/\/www.nbamaniacs.com\/de\/wp-json\/wp\/v2\/categories?post=408527"},{"taxonomy":"post_tag","embeddable":true,"href":"https:\/\/www.nbamaniacs.com\/de\/wp-json\/wp\/v2\/tags?post=408527"}],"curies":[{"name":"wp","href":"https:\/\/api.w.org\/{rel}","templated":true}]}}