{"id":408532,"date":"2024-06-28T20:00:00","date_gmt":"2024-06-28T18:00:00","guid":{"rendered":"https:\/\/www.nbamaniacs.com\/de\/nachrichten\/indiana-daempft-sommererwartungen\/"},"modified":"2025-06-11T12:10:55","modified_gmt":"2025-06-11T10:10:55","slug":"indiana-daempft-sommererwartungen","status":"publish","type":"post","link":"https:\/\/www.nbamaniacs.com\/de\/geruchte\/indiana-daempft-sommererwartungen\/","title":{"rendered":"Indiana d\u00e4mpft Sommererwartungen"},"content":{"rendered":"<p>Die Indiana Pacers waren in dieser Saison das \u00fcberraschendste Team. Tyrese Haliburton und seine Mitstreiter starteten mit einem lockeren, offensiv gepr\u00e4gten Stil. Mit der Ankunft von Pascal Siakam verfeinerten sie diesen Ansatz und st\u00fcrmten ins Finale des In-Season Tournaments sowie in die Eastern Conference Finals im Mai.<\/p>\n<p>Das trieb die Erwartungen f\u00fcr den Sommer in die H\u00f6he, und nach der Unterzeichnung von <a href=\"https:\/\/www.nbamaniacs.com\/de\/geruchte\/pascal-siakam-unterschreibt-max-vertrag\/\">Siakams Max-Verl\u00e4ngerung<\/a> lie\u00dfen Ger\u00fcchte auf einen gr\u00f6\u00dferen Deal schlie\u00dfen. Doch Chad Buchanan, ihr General Manager, <a href=\"https:\/\/x.com\/esidery\/status\/1806717470150906270\" target=\"_blank\" rel=\"nofollow\">betonte<\/a>, dass die Pacers einen anderen Weg einschlagen. Die Franchise ist fest davon \u00fcberzeugt, schon genug Talent zu besitzen, um den n\u00e4chsten Schritt \u00fcber interne Entwicklung zu machen \u2013 vor allem mit Bennedict Mathurin und Andrew Nembhard.<\/p>\n<h2 class=\"wp-block-heading\">Mathurin, Nembhard und&#8230;<\/h2>\n<p>Der Forward fand zu Saisonbeginn nur schwer seinen Rhythmus, oft bedingt durch defensive Nachl\u00e4ssigkeiten. Dennoch bleibt er eine hochinteressante dritte Offensivoption dank seines explosiven ersten Schritts und seiner starken Abschl\u00fcsse am Korb. Ungl\u00fccklicherweise verpasste er das Saisonende und den gesamten Playoff-Lauf seines Teams wegen einer Schulterverletzung.<\/p>\n<p>Was Nembhard angeht, zeigte er \u00fcber die gesamte Saison solide Leistungen, aber erst in den Playoffs lief er richtig hei\u00df. Gegen die Boston Celtics kam er auf durchschnittlich 21 Punkte, und einer seiner Dreier h\u00e4tte die Serie gegen New York beinahe entschieden.<\/p>\n<p>Zusammen mit ihnen verweist Buchanan auch auf Jarace Walker. Obwohl er keine konstanten Einsatzzeiten erhielt, nutzte er seine Minuten optimal und hinterlie\u00df einen starken Eindruck f\u00fcr die kommende Saison.<\/p>\n<p><em>(Cover photo by Stacy Revere\/Getty Images)<\/em><\/p>\n","protected":false},"excerpt":{"rendered":"<p>Die Indiana Pacers waren in dieser Saison das \u00fcberraschendste Team. Tyrese Haliburton und seine Mitstreiter starteten mit einem lockeren, offensiv gepr\u00e4gten Stil. Mit der Ankunft &#8230; <a title=\"Indiana d\u00e4mpft Sommererwartungen\" class=\"read-more\" href=\"https:\/\/www.nbamaniacs.com\/de\/geruchte\/indiana-daempft-sommererwartungen\/\" aria-label=\"Mehr Informationen \u00fcber Indiana d\u00e4mpft Sommererwartungen\">Mehr lesen<\/a><\/p>\n","protected":false},"author":14497,"featured_media":408517,"comment_status":"open","ping_status":"closed","sticky":false,"template":"","format":"standard","meta":{"ub_ctt_via":"","footnotes":""},"categories":[588],"tags":[4851,4744,119],"class_list":["post-408532","post","type-post","status-publish","format-standard","has-post-thumbnail","hentry","category-geruchte","tag-andrew-nembhard","tag-bennedict-mathurin","tag-indiana-pacers","no-featured-image-padding","resize-featured-image"],"featured_image_src":"https:\/\/www.nbamaniacs.com\/de\/wp-content\/uploads\/2025\/06\/getty-images-foto-2019035516.jpg","author_info":{"display_name":"Niko Jens Schwann","author_link":"https:\/\/www.nbamaniacs.com\/de\/autor\/niko-jens-schwann\/"},"_links":{"self":[{"href":"https:\/\/www.nbamaniacs.com\/de\/wp-json\/wp\/v2\/posts\/408532","targetHints":{"allow":["GET"]}}],"collection":[{"href":"https:\/\/www.nbamaniacs.com\/de\/wp-json\/wp\/v2\/posts"}],"about":[{"href":"https:\/\/www.nbamaniacs.com\/de\/wp-json\/wp\/v2\/types\/post"}],"author":[{"embeddable":true,"href":"https:\/\/www.nbamaniacs.com\/de\/wp-json\/wp\/v2\/users\/14497"}],"replies":[{"embeddable":true,"href":"https:\/\/www.nbamaniacs.com\/de\/wp-json\/wp\/v2\/comments?post=408532"}],"version-history":[{"count":1,"href":"https:\/\/www.nbamaniacs.com\/de\/wp-json\/wp\/v2\/posts\/408532\/revisions"}],"predecessor-version":[{"id":411061,"href":"https:\/\/www.nbamaniacs.com\/de\/wp-json\/wp\/v2\/posts\/408532\/revisions\/411061"}],"wp:featuredmedia":[{"embeddable":true,"href":"https:\/\/www.nbamaniacs.com\/de\/wp-json\/wp\/v2\/media\/408517"}],"wp:attachment":[{"href":"https:\/\/www.nbamaniacs.com\/de\/wp-json\/wp\/v2\/media?parent=408532"}],"wp:term":[{"taxonomy":"category","embeddable":true,"href":"https:\/\/www.nbamaniacs.com\/de\/wp-json\/wp\/v2\/categories?post=408532"},{"taxonomy":"post_tag","embeddable":true,"href":"https:\/\/www.nbamaniacs.com\/de\/wp-json\/wp\/v2\/tags?post=408532"}],"curies":[{"name":"wp","href":"https:\/\/api.w.org\/{rel}","templated":true}]}}