{"id":408554,"date":"2024-06-27T16:54:32","date_gmt":"2024-06-27T14:54:32","guid":{"rendered":"https:\/\/www.nbamaniacs.com\/de\/nachrichten\/porzingis-fehlt-mindestens-fuenf-monate\/"},"modified":"2024-06-27T16:54:32","modified_gmt":"2024-06-27T14:54:32","slug":"porzingis-fehlt-mindestens-fuenf-monate","status":"publish","type":"post","link":"https:\/\/www.nbamaniacs.com\/de\/geruchte\/porzingis-fehlt-mindestens-fuenf-monate\/","title":{"rendered":"Porzingis fehlt mindestens f\u00fcnf Monate"},"content":{"rendered":"<p>Die schlechte Nachricht steht fest f\u00fcr die Boston Celtics \u2013 und besonders f\u00fcr Kristaps Porzingis. Laut <em>ESPN<\/em> f\u00e4llt der lettische Big Man f\u00fcnf bis sechs Monate aus, nachdem er sich einer Operation zur Reparatur eines Risses in seiner hinteren Schienbeinsehne unterzogen hat.<\/p>\n<figure class=\"wp-block-embed is-type-rich is-provider-twitter wp-block-embed-twitter\">\n<div class=\"wp-block-embed__wrapper\">\n<blockquote class=\"twitter-tweet\" data-width=\"550\" data-dnt=\"true\">\n<p lang=\"en\" dir=\"ltr\">Die Celtics sagen, dass Kristaps Porzingis sich einer Operation unterzogen hat, um ein gerissenes Retinakulum und eine ausgerenkte hintere Schienbeinsehne zu reparieren, und dass er in \u201e5 bis 6 Monaten\u201c zur\u00fcckkehrt \u2013 was bedeutet, dass er bis weit in den Start der n\u00e4chsten Saison hinein ausf\u00e4llt.<\/p>\n<p>&mdash; Tim Bontemps (@TimBontemps) <a href=\"https:\/\/twitter.com\/TimBontemps\/status\/1806334979187589186?ref_src=twsrc%5Etfw\" target=\"_blank\" rel=\"noopener nofollow\">June 27, 2024<\/a><\/p><\/blockquote>\n<p><script async src=\"https:\/\/platform.twitter.com\/widgets.js\" charset=\"utf-8\"><\/script>\n<\/div>\n<\/figure>\n<p>Beachtenswert: Porzingis dr\u00e4ngte auf ein Comeback in den NBA Finals gegen die Dallas Mavericks, die sich letztlich deutlich mit 4:1 durchsetzten.<\/p>\n<p>In sieben Playoff-Spielen kam er auf durchschnittlich 12,3 Punkte, 4,4 Rebounds, 1,1 Assists und 1,6 Blocks in etwas \u00fcber 23 Minuten.<\/p>\n<p>Er hat noch zwei garantierte Jahre zu 29,26 Millionen und 30,73 Millionen Dollar vor sich und wird 2026 zum Unrestricted Free Agent.<\/p>\n<p><em>(Cover photo: Maddie Meyer\/Getty Images)<\/em><\/p>\n","protected":false},"excerpt":{"rendered":"<p>Die schlechte Nachricht steht fest f\u00fcr die Boston Celtics \u2013 und besonders f\u00fcr Kristaps Porzingis. Laut ESPN f\u00e4llt der lettische Big Man f\u00fcnf bis sechs &#8230; <a title=\"Porzingis fehlt mindestens f\u00fcnf Monate\" class=\"read-more\" href=\"https:\/\/www.nbamaniacs.com\/de\/geruchte\/porzingis-fehlt-mindestens-fuenf-monate\/\" aria-label=\"Mehr Informationen \u00fcber Porzingis fehlt mindestens f\u00fcnf Monate\">Mehr lesen<\/a><\/p>\n","protected":false},"author":14497,"featured_media":408535,"comment_status":"open","ping_status":"closed","sticky":false,"template":"","format":"standard","meta":{"ub_ctt_via":"","footnotes":""},"categories":[588],"tags":[19,2720],"class_list":["post-408554","post","type-post","status-publish","format-standard","has-post-thumbnail","hentry","category-geruchte","tag-boston-celtics","tag-kristaps-porzingis","no-featured-image-padding","resize-featured-image"],"featured_image_src":"https:\/\/www.nbamaniacs.com\/de\/wp-content\/uploads\/2025\/06\/lakers-triumphieren-spektakul-arer-heimsieg-in-la.jpg","author_info":{"display_name":"Niko Jens Schwann","author_link":"https:\/\/www.nbamaniacs.com\/de\/autor\/niko-jens-schwann\/"},"_links":{"self":[{"href":"https:\/\/www.nbamaniacs.com\/de\/wp-json\/wp\/v2\/posts\/408554","targetHints":{"allow":["GET"]}}],"collection":[{"href":"https:\/\/www.nbamaniacs.com\/de\/wp-json\/wp\/v2\/posts"}],"about":[{"href":"https:\/\/www.nbamaniacs.com\/de\/wp-json\/wp\/v2\/types\/post"}],"author":[{"embeddable":true,"href":"https:\/\/www.nbamaniacs.com\/de\/wp-json\/wp\/v2\/users\/14497"}],"replies":[{"embeddable":true,"href":"https:\/\/www.nbamaniacs.com\/de\/wp-json\/wp\/v2\/comments?post=408554"}],"version-history":[{"count":0,"href":"https:\/\/www.nbamaniacs.com\/de\/wp-json\/wp\/v2\/posts\/408554\/revisions"}],"wp:featuredmedia":[{"embeddable":true,"href":"https:\/\/www.nbamaniacs.com\/de\/wp-json\/wp\/v2\/media\/408535"}],"wp:attachment":[{"href":"https:\/\/www.nbamaniacs.com\/de\/wp-json\/wp\/v2\/media?parent=408554"}],"wp:term":[{"taxonomy":"category","embeddable":true,"href":"https:\/\/www.nbamaniacs.com\/de\/wp-json\/wp\/v2\/categories?post=408554"},{"taxonomy":"post_tag","embeddable":true,"href":"https:\/\/www.nbamaniacs.com\/de\/wp-json\/wp\/v2\/tags?post=408554"}],"curies":[{"name":"wp","href":"https:\/\/api.w.org\/{rel}","templated":true}]}}