{"id":408586,"date":"2024-06-26T12:00:00","date_gmt":"2024-06-26T10:00:00","guid":{"rendered":"https:\/\/www.nbamaniacs.com\/de\/nachrichten\/deutsche-headlinelakers-zielen-auf-valanciunas-ab\/"},"modified":"2025-06-11T12:11:29","modified_gmt":"2025-06-11T10:11:29","slug":"deutsche-headlinelakers-zielen-auf-valanciunas-ab","status":"publish","type":"post","link":"https:\/\/www.nbamaniacs.com\/de\/geruchte\/deutsche-headlinelakers-zielen-auf-valanciunas-ab\/","title":{"rendered":"Deutsche Headline\nLakers zielen auf Valanciunas ab"},"content":{"rendered":"<p>Ein weiterer Sommer f\u00fchrt die Lakers an einen Scheideweg, an dem es entscheidend ist, die richtigen Anpassungen zu finden. LeBron James (<a href=\"https:\/\/www.nbamaniacs.com\/de\/geruchte\/lebron-schweigt-lakers-schlagen-zurueck\/\">wird voraussichtlich verl\u00e4ngern<\/a>) und Anthony Davis werden das Team erneut anf\u00fchren, doch ab da tauchen \u00fcberall Fragen auf. Den Aufbau st\u00e4rken, einen Star holen, sich auf Rollenspieler konzentrieren, solide Unterst\u00fctzung f\u00fcr The Brow unter dem Korb finden\u2026 Die Liste ist alles andere als kurz, und manchmal ist es unm\u00f6glich, alle Anforderungen zu erf\u00fcllen. Trotzdem wird es nicht an fehlendem Einsatz der Lila-Goldenen scheitern.<\/p>\n<p>Laut Jake Fischer von <em>Yahoo Sports<\/em> haben die Lakers Jonas Valanciunas ins Visier genommen, um Anthony Davis in der Zone zu entlasten \u2013 sei es, wenn beide gemeinsam auf dem Feld stehen oder Valanciunas einspringt, wenn es n\u00f6tig wird.<\/p>\n<p>Tats\u00e4chlich wirkt er wie eine solide Option f\u00fcr das Team aus Los Angeles. Der litauische Center wird Unrestricted Free Agent und hat mit 32 Jahren l\u00e4ngst bewiesen, dass er St\u00e4rke und Effizienz unter dem Korb vereint. Ob er jedoch genau das ist, was die Lila-Goldenen brauchen, bleibt eine offene Frage. Ebenso ist unklar, welchen Vertrag er fordern wird und wie viel die Lakers bereit sind zu investieren.<\/p>\n<p><em>(Photo by Todd Kirkland\/Getty Images)<\/em><\/p>\n","protected":false},"excerpt":{"rendered":"<p>Ein weiterer Sommer f\u00fchrt die Lakers an einen Scheideweg, an dem es entscheidend ist, die richtigen Anpassungen zu finden. LeBron James (wird voraussichtlich verl\u00e4ngern) und &#8230; <a title=\"Deutsche Headline\nLakers zielen auf Valanciunas ab\" class=\"read-more\" href=\"https:\/\/www.nbamaniacs.com\/de\/geruchte\/deutsche-headlinelakers-zielen-auf-valanciunas-ab\/\" aria-label=\"Mehr Informationen \u00fcber Deutsche Headline\nLakers zielen auf Valanciunas ab\">Mehr lesen<\/a><\/p>\n","protected":false},"author":14497,"featured_media":408570,"comment_status":"open","ping_status":"closed","sticky":false,"template":"","format":"standard","meta":{"ub_ctt_via":"","footnotes":""},"categories":[588],"tags":[760,10,1328],"class_list":["post-408586","post","type-post","status-publish","format-standard","has-post-thumbnail","hentry","category-geruchte","tag-jonas-valanciunas","tag-los-angeles-lakers","tag-new-orleans-pelicans","no-featured-image-padding","resize-featured-image"],"featured_image_src":"https:\/\/www.nbamaniacs.com\/de\/wp-content\/uploads\/2025\/06\/spanische-headline-fehlt-42.jpg","author_info":{"display_name":"Niko Jens Schwann","author_link":"https:\/\/www.nbamaniacs.com\/de\/autor\/niko-jens-schwann\/"},"_links":{"self":[{"href":"https:\/\/www.nbamaniacs.com\/de\/wp-json\/wp\/v2\/posts\/408586","targetHints":{"allow":["GET"]}}],"collection":[{"href":"https:\/\/www.nbamaniacs.com\/de\/wp-json\/wp\/v2\/posts"}],"about":[{"href":"https:\/\/www.nbamaniacs.com\/de\/wp-json\/wp\/v2\/types\/post"}],"author":[{"embeddable":true,"href":"https:\/\/www.nbamaniacs.com\/de\/wp-json\/wp\/v2\/users\/14497"}],"replies":[{"embeddable":true,"href":"https:\/\/www.nbamaniacs.com\/de\/wp-json\/wp\/v2\/comments?post=408586"}],"version-history":[{"count":1,"href":"https:\/\/www.nbamaniacs.com\/de\/wp-json\/wp\/v2\/posts\/408586\/revisions"}],"predecessor-version":[{"id":411075,"href":"https:\/\/www.nbamaniacs.com\/de\/wp-json\/wp\/v2\/posts\/408586\/revisions\/411075"}],"wp:featuredmedia":[{"embeddable":true,"href":"https:\/\/www.nbamaniacs.com\/de\/wp-json\/wp\/v2\/media\/408570"}],"wp:attachment":[{"href":"https:\/\/www.nbamaniacs.com\/de\/wp-json\/wp\/v2\/media?parent=408586"}],"wp:term":[{"taxonomy":"category","embeddable":true,"href":"https:\/\/www.nbamaniacs.com\/de\/wp-json\/wp\/v2\/categories?post=408586"},{"taxonomy":"post_tag","embeddable":true,"href":"https:\/\/www.nbamaniacs.com\/de\/wp-json\/wp\/v2\/tags?post=408586"}],"curies":[{"name":"wp","href":"https:\/\/api.w.org\/{rel}","templated":true}]}}