{"id":408643,"date":"2024-06-21T18:23:45","date_gmt":"2024-06-21T16:23:45","guid":{"rendered":"https:\/\/www.nbamaniacs.com\/de\/nachrichten\/doncic-peilt-pre-olympic-turnier-an\/"},"modified":"2024-06-21T18:23:45","modified_gmt":"2024-06-21T16:23:45","slug":"doncic-peilt-pre-olympic-turnier-an","status":"publish","type":"post","link":"https:\/\/www.nbamaniacs.com\/de\/geruchte\/doncic-peilt-pre-olympic-turnier-an\/","title":{"rendered":"Doncic peilt Pre-Olympic-Turnier an"},"content":{"rendered":"<p>Nach langem Schweigen bis zur letzten Sekunde scheint Luka Doncic bereit zu sein, beim Pre-Olympia-Turnier f\u00fcr Slowenien anzutreten. Seit er endg\u00fcltig ins Profigesch\u00e4ft eingestiegen ist, hat der Point Guard keinen einzigen Sommer mit seinem Nationalteam verpasst. Und in diesem Jahr wird es keine Ausnahme geben, trotz einer langen Saison mit den Dallas Mavericks.<\/p>\n<p>Das best\u00e4tigte Nico Harrison, der President of Operations des texanischen Teams, in seiner Saisonabschluss-Pressekonferenz. \u201eDas ist eines der Dinge, die ihm am meisten Freude bereiten. Solange er laufen kann, denke ich, dass er spielen wird.\u201c Zweifel an seiner Teilnahme in der Qualifikation r\u00fchrten von seinen k\u00f6rperlichen Problemen in den Playoffs her. Er k\u00e4mpfte mit Beschwerden an Kn\u00f6chel, Wade und Knie sowie einer Rippenverletzung, die ihn seit Spiel 2 der Finals gegen Boston zu schmerzstillenden Injektionen zwang.<\/p>\n<figure class=\"wp-block-embed is-type-rich is-provider-twitter wp-block-embed-twitter\">\n<div class=\"wp-block-embed__wrapper\">\n<blockquote class=\"twitter-tweet\" data-width=\"550\" data-dnt=\"true\">\n<p lang=\"en\" dir=\"ltr\">Mavs GM Nico Harrison says he expects that Luka Doncic will play for Slovenia, which has an Olympic qualifying tourney starting July 2: \u201cThat\u2019s one of his biggest joys. As long as he can walk, I think he will play for them.\u201d<\/p>\n<p>&mdash; Tim MacMahon (@espn_macmahon) <a href=\"https:\/\/twitter.com\/espn_macmahon\/status\/1804169244633928144?ref_src=twsrc%5Etfw\" target=\"_blank\" rel=\"noopener nofollow\">June 21, 2024<\/a><\/p><\/blockquote>\n<p><script async src=\"https:\/\/platform.twitter.com\/widgets.js\" charset=\"utf-8\"><\/script>\n<\/div>\n<\/figure>\n<p>Trotzdem schien es unwahrscheinlich, dass Doncic aussetzt, w\u00e4hrend Slowenien ab dem 2. Juli um ein Ticket f\u00fcr die Olympischen Spiele in Paris k\u00e4mpft. Am 5. Juni nahm Aleksander Sekuli\u0107 ihn in seinen 15-k\u00f6pfigen vorl\u00e4ufigen Kader f\u00fcr das Turnier in Griechenland auf. Das Team vom Balkan trifft in der ersten Gruppe auf Neuseeland und Kroatien. Wer weiterkommt, tritt anschlie\u00dfend gegen Griechenland, die Dominikanische Republik oder \u00c4gypten an, um sich letztlich f\u00fcr Paris zu qualifizieren.<\/p>\n<p><em>(Cover-Foto von Ezra Acayan\/Getty Images)<\/em><\/p>\n","protected":false},"excerpt":{"rendered":"<p>Nach langem Schweigen bis zur letzten Sekunde scheint Luka Doncic bereit zu sein, beim Pre-Olympia-Turnier f\u00fcr Slowenien anzutreten. Seit er endg\u00fcltig ins Profigesch\u00e4ft eingestiegen ist, &#8230; <a title=\"Doncic peilt Pre-Olympic-Turnier an\" class=\"read-more\" href=\"https:\/\/www.nbamaniacs.com\/de\/geruchte\/doncic-peilt-pre-olympic-turnier-an\/\" aria-label=\"Mehr Informationen \u00fcber Doncic peilt Pre-Olympic-Turnier an\">Mehr lesen<\/a><\/p>\n","protected":false},"author":14497,"featured_media":408624,"comment_status":"open","ping_status":"closed","sticky":false,"template":"","format":"standard","meta":{"ub_ctt_via":"","footnotes":""},"categories":[588],"tags":[21,3561,1818],"class_list":["post-408643","post","type-post","status-publish","format-standard","has-post-thumbnail","hentry","category-geruchte","tag-dallas-mavericks","tag-luka-doncic","tag-slowenien","no-featured-image-padding","resize-featured-image"],"featured_image_src":"https:\/\/www.nbamaniacs.com\/de\/wp-content\/uploads\/2025\/06\/lakers-uberfl-ugeln-clippers-im-packenden-auftakt.jpg","author_info":{"display_name":"Niko Jens Schwann","author_link":"https:\/\/www.nbamaniacs.com\/de\/autor\/niko-jens-schwann\/"},"_links":{"self":[{"href":"https:\/\/www.nbamaniacs.com\/de\/wp-json\/wp\/v2\/posts\/408643","targetHints":{"allow":["GET"]}}],"collection":[{"href":"https:\/\/www.nbamaniacs.com\/de\/wp-json\/wp\/v2\/posts"}],"about":[{"href":"https:\/\/www.nbamaniacs.com\/de\/wp-json\/wp\/v2\/types\/post"}],"author":[{"embeddable":true,"href":"https:\/\/www.nbamaniacs.com\/de\/wp-json\/wp\/v2\/users\/14497"}],"replies":[{"embeddable":true,"href":"https:\/\/www.nbamaniacs.com\/de\/wp-json\/wp\/v2\/comments?post=408643"}],"version-history":[{"count":0,"href":"https:\/\/www.nbamaniacs.com\/de\/wp-json\/wp\/v2\/posts\/408643\/revisions"}],"wp:featuredmedia":[{"embeddable":true,"href":"https:\/\/www.nbamaniacs.com\/de\/wp-json\/wp\/v2\/media\/408624"}],"wp:attachment":[{"href":"https:\/\/www.nbamaniacs.com\/de\/wp-json\/wp\/v2\/media?parent=408643"}],"wp:term":[{"taxonomy":"category","embeddable":true,"href":"https:\/\/www.nbamaniacs.com\/de\/wp-json\/wp\/v2\/categories?post=408643"},{"taxonomy":"post_tag","embeddable":true,"href":"https:\/\/www.nbamaniacs.com\/de\/wp-json\/wp\/v2\/tags?post=408643"}],"curies":[{"name":"wp","href":"https:\/\/api.w.org\/{rel}","templated":true}]}}