{"id":408760,"date":"2024-06-06T11:00:00","date_gmt":"2024-06-06T09:00:00","guid":{"rendered":"https:\/\/www.nbamaniacs.com\/de\/nachrichten\/pacers-zielen-auf-nembhard-verlaengerung\/"},"modified":"2024-06-06T11:00:00","modified_gmt":"2024-06-06T09:00:00","slug":"pacers-zielen-auf-nembhard-verlaengerung","status":"publish","type":"post","link":"https:\/\/www.nbamaniacs.com\/de\/geruchte\/pacers-zielen-auf-nembhard-verlaengerung\/","title":{"rendered":"Pacers zielen auf Nembhard-Verl\u00e4ngerung"},"content":{"rendered":"<p>Die Indiana Pacers wollen Andrew Nembhards Vertrag in diesem Sommer verl\u00e4ngern, sto\u00dfen dabei jedoch an Gehaltsgrenzen. Das Team aus Indianapolis kann ihm nur vier zus\u00e4tzliche Jahre f\u00fcr 75 Millionen Dollar anbieten. Laut Reporter Marc Stein k\u00f6nnte es daher bis 2025 warten, um das Angebot zu erh\u00f6hen.<\/p>\n<p>Nembhard hat in der Abwesenheit von Tyrese Haliburton einen gro\u00dfen Schritt nach vorn gemacht und in den Playoffs \u00fcberzeugt. Er steigerte seinen Schnitt von 9,2 Punkten in der regul\u00e4ren Saison auf 15 Punkte, 3,3 Rebounds und 5,5 Assists in 17 Partien der Postseason.<\/p>\n<p>Nach seinen Stationen in Florida und Gonzaga kam er \u00fcber den 31. Pick im Draft 2022 zu den Pacers. Er hat noch zwei garantierte Jahre in seinem <em>Rookie<\/em>-Vertrag f\u00fcr insgesamt etwas mehr als 4,3 Millionen Dollar.<\/p>\n<p><em>(Titelbild: Maddie Meyer\/Getty Images)<\/em><\/p>\n","protected":false},"excerpt":{"rendered":"<p>Die Indiana Pacers wollen Andrew Nembhards Vertrag in diesem Sommer verl\u00e4ngern, sto\u00dfen dabei jedoch an Gehaltsgrenzen. Das Team aus Indianapolis kann ihm nur vier zus\u00e4tzliche &#8230; <a title=\"Pacers zielen auf Nembhard-Verl\u00e4ngerung\" class=\"read-more\" href=\"https:\/\/www.nbamaniacs.com\/de\/geruchte\/pacers-zielen-auf-nembhard-verlaengerung\/\" aria-label=\"Mehr Informationen \u00fcber Pacers zielen auf Nembhard-Verl\u00e4ngerung\">Mehr lesen<\/a><\/p>\n","protected":false},"author":14497,"featured_media":408749,"comment_status":"open","ping_status":"closed","sticky":false,"template":"","format":"standard","meta":{"ub_ctt_via":"","footnotes":""},"categories":[588],"tags":[4851,119],"class_list":["post-408760","post","type-post","status-publish","format-standard","has-post-thumbnail","hentry","category-geruchte","tag-andrew-nembhard","tag-indiana-pacers","no-featured-image-padding","resize-featured-image"],"featured_image_src":"https:\/\/www.nbamaniacs.com\/de\/wp-content\/uploads\/2025\/06\/lebron-f-uhrt-lakers-zum-spektakul-aren-sieg.jpg","author_info":{"display_name":"Niko Jens Schwann","author_link":"https:\/\/www.nbamaniacs.com\/de\/autor\/niko-jens-schwann\/"},"_links":{"self":[{"href":"https:\/\/www.nbamaniacs.com\/de\/wp-json\/wp\/v2\/posts\/408760","targetHints":{"allow":["GET"]}}],"collection":[{"href":"https:\/\/www.nbamaniacs.com\/de\/wp-json\/wp\/v2\/posts"}],"about":[{"href":"https:\/\/www.nbamaniacs.com\/de\/wp-json\/wp\/v2\/types\/post"}],"author":[{"embeddable":true,"href":"https:\/\/www.nbamaniacs.com\/de\/wp-json\/wp\/v2\/users\/14497"}],"replies":[{"embeddable":true,"href":"https:\/\/www.nbamaniacs.com\/de\/wp-json\/wp\/v2\/comments?post=408760"}],"version-history":[{"count":0,"href":"https:\/\/www.nbamaniacs.com\/de\/wp-json\/wp\/v2\/posts\/408760\/revisions"}],"wp:featuredmedia":[{"embeddable":true,"href":"https:\/\/www.nbamaniacs.com\/de\/wp-json\/wp\/v2\/media\/408749"}],"wp:attachment":[{"href":"https:\/\/www.nbamaniacs.com\/de\/wp-json\/wp\/v2\/media?parent=408760"}],"wp:term":[{"taxonomy":"category","embeddable":true,"href":"https:\/\/www.nbamaniacs.com\/de\/wp-json\/wp\/v2\/categories?post=408760"},{"taxonomy":"post_tag","embeddable":true,"href":"https:\/\/www.nbamaniacs.com\/de\/wp-json\/wp\/v2\/tags?post=408760"}],"curies":[{"name":"wp","href":"https:\/\/api.w.org\/{rel}","templated":true}]}}