{"id":409387,"date":"2025-06-09T10:00:00","date_gmt":"2025-06-09T08:00:00","guid":{"rendered":"https:\/\/www.nbamaniacs.com\/de\/nachrichten\/michael-porter-jr-steckt-in-der-sackgasse\/"},"modified":"2025-06-11T11:11:45","modified_gmt":"2025-06-11T09:11:45","slug":"michael-porter-jr-steckt-in-der-sackgasse","status":"publish","type":"post","link":"https:\/\/www.nbamaniacs.com\/de\/geruchte\/michael-porter-jr-steckt-in-der-sackgasse\/","title":{"rendered":"Michael Porter Jr. steckt in der Sackgasse"},"content":{"rendered":"<p>Gefangen, ohne Aussicht, seinen eigenen <em>escape room<\/em> zu knacken. So ergeht es Michael Porter Jr. derzeit: St\u00e4ndig wirkt es, als sch\u00f6pfe er sein Talent nicht aus. Und er wird als ewiger Trade-Kandidat der Nuggets abgestempelt. Wegen seines Gehalts, seiner Leistungen oder weil sonst alle unangreifbar sind \u2013 aus welchem Grund auch immer steht Porter Jr. in Denver mit einem Fu\u00df vor der T\u00fcr. Warum also nicht woandershin schicken? Weil kein Interesse besteht.<\/p>\n<p>Genau das, was es zu sein scheint. Wenn das Front Office in Colorado immer wieder versucht hat, den Forward zu traden \u2013 und es diesen Sommer erneut probieren wird \u2013, hat es jedes Mal nur festgestellt, dass das Interesse deutlich geringer ist, als sie sich erhoffen. Also lautet die finale Entscheidung stets: \u201eZu dem Preis behalte ich ihn lieber.\u201c<\/p>\n<p>Mit 26 Jahren steckt Porter Jr. fest. Laut Bennett Durando von <em>The Denver Post<\/em> bewerten die Nuggets ihn h\u00f6her, als es der Markt hergibt. Daher ist es so gut wie sicher, dass er diesen Sommer nirgendwohin wechselt. Das deckt sich mit den Aussagen von Teampr\u00e4sident Josh Kroenke.<\/p>\n<div style=\"height:25px\" aria-hidden=\"true\" class=\"wp-block-spacer\"><\/div>\n<figure class=\"wp-block-embed is-type-video is-provider-youtube wp-block-embed-youtube wp-embed-aspect-16-9 wp-has-aspect-ratio\">\n<div class=\"wp-block-embed__wrapper\">\n<iframe title=\"Michael Porter Jr. Game Highlights vs. OKC Thunder \ud83d\udcfa Game 3 | 2025 NBA Playoffs\" width=\"1200\" height=\"675\" src=\"https:\/\/www.youtube.com\/embed\/bvBYqdsPTBs?feature=oembed\" frameborder=\"0\" allow=\"accelerometer; autoplay; clipboard-write; encrypted-media; gyroscope; picture-in-picture; web-share\" referrerpolicy=\"strict-origin-when-cross-origin\" allowfullscreen><\/iframe>\n<\/div>\n<\/figure>\n<div style=\"height:25px\" aria-hidden=\"true\" class=\"wp-block-spacer\"><\/div>\n<p>\u201eIch denke, viele Antworten, die wir suchen, werden wir im aktuellen Team finden.\u201c Deutlicher geht\u2019s nicht. Das Management vertraut weiter dem Kern, und etwaige Ver\u00e4nderungen am Roster bleiben wohl erneut nur situativ.<\/p>\n<h2 class=\"wp-block-heading\">Ein Jahr des <em>Stillstands<\/em> f\u00fcr Michael Porter Jr.<\/h2>\n<p>Nach Verletzungspech in seinen ersten NBA-Saisons kam Porter Jr. zuletzt auf 81 und 77 Eins\u00e4tze. Seine Zahlen 2024\u201325: 18,2 Punkte, 7 Rebounds und 2,1 Assists pro Spiel. Nicht \u00fcbel, aber es \u00e4ndert nichts an der beinahe sicheren Prognose, dass er mittelfristig gehen wird \u2013 nicht zuletzt nach seiner <a href=\"https:\/\/www.nbamaniacs.com\/de\/nachrichten\/michael-porter-jr-gesteht-kein-beitrag\/\" target=\"_blank\" rel=\"noreferrer noopener\">glanzlosen Leistung in den letzten Playoffs<\/a>.<\/p>\n<p>Im Sommer 2026 steigt Aarons Gordons Gehalt um neun Millionen, w\u00e4hrend Christian Braun einen neuen, lukrativen Vertrag bekommt. Das l\u00e4sst die Gehaltsliste explodieren. Porter Jr. geht dann ins letzte Jahr seines Deals, und eine Verl\u00e4ngerung ist extrem unwahrscheinlich. Wahrscheinlicher ist ein Trade, auch wenn er nicht den gew\u00fcnschten Gegenwert liefert.<\/p>\n<p><em>(Photo by Isaiah J. Downing-Imagn Images)<\/em><\/p>\n","protected":false},"excerpt":{"rendered":"<p>Gefangen, ohne Aussicht, seinen eigenen escape room zu knacken. So ergeht es Michael Porter Jr. derzeit: St\u00e4ndig wirkt es, als sch\u00f6pfe er sein Talent nicht &#8230; <a title=\"Michael Porter Jr. steckt in der Sackgasse\" class=\"read-more\" href=\"https:\/\/www.nbamaniacs.com\/de\/geruchte\/michael-porter-jr-steckt-in-der-sackgasse\/\" aria-label=\"Mehr Informationen \u00fcber Michael Porter Jr. steckt in der Sackgasse\">Mehr lesen<\/a><\/p>\n","protected":false},"author":14497,"featured_media":409386,"comment_status":"open","ping_status":"closed","sticky":false,"template":"","format":"standard","meta":{"ub_ctt_via":"","footnotes":""},"categories":[588],"tags":[23,3570],"class_list":["post-409387","post","type-post","status-publish","format-standard","has-post-thumbnail","hentry","category-geruchte","tag-denver-nuggets","tag-michael-porter-jr","no-featured-image-padding","resize-featured-image"],"featured_image_src":"https:\/\/www.nbamaniacs.com\/de\/wp-content\/uploads\/2025\/06\/porter-jr-kehrt-am-montag-zur-uck.jpg","author_info":{"display_name":"Niko Jens Schwann","author_link":"https:\/\/www.nbamaniacs.com\/de\/autor\/niko-jens-schwann\/"},"_links":{"self":[{"href":"https:\/\/www.nbamaniacs.com\/de\/wp-json\/wp\/v2\/posts\/409387","targetHints":{"allow":["GET"]}}],"collection":[{"href":"https:\/\/www.nbamaniacs.com\/de\/wp-json\/wp\/v2\/posts"}],"about":[{"href":"https:\/\/www.nbamaniacs.com\/de\/wp-json\/wp\/v2\/types\/post"}],"author":[{"embeddable":true,"href":"https:\/\/www.nbamaniacs.com\/de\/wp-json\/wp\/v2\/users\/14497"}],"replies":[{"embeddable":true,"href":"https:\/\/www.nbamaniacs.com\/de\/wp-json\/wp\/v2\/comments?post=409387"}],"version-history":[{"count":1,"href":"https:\/\/www.nbamaniacs.com\/de\/wp-json\/wp\/v2\/posts\/409387\/revisions"}],"predecessor-version":[{"id":409821,"href":"https:\/\/www.nbamaniacs.com\/de\/wp-json\/wp\/v2\/posts\/409387\/revisions\/409821"}],"wp:featuredmedia":[{"embeddable":true,"href":"https:\/\/www.nbamaniacs.com\/de\/wp-json\/wp\/v2\/media\/409386"}],"wp:attachment":[{"href":"https:\/\/www.nbamaniacs.com\/de\/wp-json\/wp\/v2\/media?parent=409387"}],"wp:term":[{"taxonomy":"category","embeddable":true,"href":"https:\/\/www.nbamaniacs.com\/de\/wp-json\/wp\/v2\/categories?post=409387"},{"taxonomy":"post_tag","embeddable":true,"href":"https:\/\/www.nbamaniacs.com\/de\/wp-json\/wp\/v2\/tags?post=409387"}],"curies":[{"name":"wp","href":"https:\/\/api.w.org\/{rel}","templated":true}]}}