{"id":409539,"date":"2025-06-09T19:37:30","date_gmt":"2025-06-09T17:37:30","guid":{"rendered":"https:\/\/www.nbamaniacs.com\/de\/nachrichten\/darius-garland-faellt-4-5-monate-aus-2\/"},"modified":"2025-06-11T11:11:34","modified_gmt":"2025-06-11T09:11:34","slug":"darius-garland-faellt-4-5-monate-aus-2","status":"publish","type":"post","link":"https:\/\/www.nbamaniacs.com\/de\/nachrichten\/darius-garland-faellt-4-5-monate-aus-2\/","title":{"rendered":"Darius Garland f\u00e4llt 4\u20135 Monate aus"},"content":{"rendered":"<p>In den letzten Tagen kursierten Ger\u00fcchte, dass die Cleveland Cavaliers <a href=\"https:\/\/www.nbamaniacs.com\/de\/geruchte\/cavs-pruefen-angebote-fuer-darius-garland\/\" target=\"_blank\" rel=\"noreferrer noopener\">den Markt sondierten<\/a> f\u00fcr Darius Garland. Wenn das stimmt, wird es in Ohio noch komplizierter. Garland, der sich in den Playoffs eine Verletzung am linken Fu\u00df zuzog, <a href=\"https:\/\/x.com\/cavs\/status\/1932115818092904570\" target=\"_blank\" rel=\"noreferrer noopener nofollow\">wird sich einer Operation unterziehen<\/a> und vier bis f\u00fcnf Monate ausfallen. Damit verpasst er den Start der Saison 2025\u201326.<\/p>\n<p>Der Point Guard erlitt die Verletzung in der ersten Runde gegen die Miami Heat, kehrte aber zur\u00fcck, um einen 2:0-R\u00fcckstand gegen die Indiana Pacers aufzuholen. Obwohl er in Spiel 4 auf 21 Punkte kam, war er sichtlich beeintr\u00e4chtigt und lief stellenweise sogar in langsamen Kreisen mit dem Ball in der Hand, um den verletzten Fu\u00df beweglich zu halten.<\/p>\n<div style=\"height:28px\" aria-hidden=\"true\" class=\"wp-block-spacer\"><\/div>\n<figure class=\"wp-block-embed is-type-rich is-provider-twitter wp-block-embed-twitter\">\n<div class=\"wp-block-embed__wrapper\">\n<blockquote class=\"twitter-tweet\" data-width=\"550\" data-dnt=\"true\">\n<p lang=\"zxx\" dir=\"ltr\"><a href=\"https:\/\/t.co\/1Heq0CxvtL\" target=\"_blank\" rel=\"nofollow\">pic.twitter.com\/1Heq0CxvtL<\/a><\/p>\n<p>&mdash; Cleveland Cavaliers (@cavs) <a href=\"https:\/\/twitter.com\/cavs\/status\/1932115818092904570?ref_src=twsrc%5Etfw\" target=\"_blank\" rel=\"noopener nofollow\">June 9, 2025<\/a><\/p>\n<\/blockquote>\n<p><script async src=\"https:\/\/platform.twitter.com\/widgets.js\" charset=\"utf-8\"><\/script>\n<\/div>\n<\/figure>\n<div style=\"height:28px\" aria-hidden=\"true\" class=\"wp-block-spacer\"><\/div>\n<p>Mit 25 Jahren und zwei All-Star-Nominierungen ist es nicht das erste Mal, dass um ihn Trade-Ger\u00fcchte kreisen. Diese Saison k\u00f6nnte seine bisher beste gewesen sein, besonders in puncto Effizienz. Tats\u00e4chlich machte Koby Altman bei all dem Wirbel um ihn im letzten Sommer deutlich, dass er weiter fest auf ihn setzt \u2013 mit voller R\u00fcckendeckung von Donovan Mitchell. Dennoch: Wenn die Cavs ihn nun wirklich auf den Markt werfen, wie viele Teams w\u00fcrden selbst w\u00e4hrend seiner Verletzung nach ihm greifen?<\/p>\n<p><em>(Cover-Foto von David Richard-Imagn Images)<\/em><\/p>\n","protected":false},"excerpt":{"rendered":"<p>In den letzten Tagen kursierten Ger\u00fcchte, dass die Cleveland Cavaliers den Markt sondierten f\u00fcr Darius Garland. Wenn das stimmt, wird es in Ohio noch komplizierter. &#8230; <a title=\"Darius Garland f\u00e4llt 4\u20135 Monate aus\" class=\"read-more\" href=\"https:\/\/www.nbamaniacs.com\/de\/nachrichten\/darius-garland-faellt-4-5-monate-aus-2\/\" aria-label=\"Mehr Informationen \u00fcber Darius Garland f\u00e4llt 4\u20135 Monate aus\">Mehr lesen<\/a><\/p>\n","protected":false},"author":14497,"featured_media":409523,"comment_status":"open","ping_status":"closed","sticky":false,"template":"","format":"standard","meta":{"ub_ctt_via":"","footnotes":""},"categories":[6],"tags":[27,3986],"class_list":["post-409539","post","type-post","status-publish","format-standard","has-post-thumbnail","hentry","category-nachrichten","tag-cleveland-cavaliers","tag-darius-garland","no-featured-image-padding","resize-featured-image"],"featured_image_src":"https:\/\/www.nbamaniacs.com\/de\/wp-content\/uploads\/2025\/06\/darius-garland-gl-anzt-beim-cavs-sieg.jpg","author_info":{"display_name":"Niko Jens Schwann","author_link":"https:\/\/www.nbamaniacs.com\/de\/autor\/niko-jens-schwann\/"},"_links":{"self":[{"href":"https:\/\/www.nbamaniacs.com\/de\/wp-json\/wp\/v2\/posts\/409539","targetHints":{"allow":["GET"]}}],"collection":[{"href":"https:\/\/www.nbamaniacs.com\/de\/wp-json\/wp\/v2\/posts"}],"about":[{"href":"https:\/\/www.nbamaniacs.com\/de\/wp-json\/wp\/v2\/types\/post"}],"author":[{"embeddable":true,"href":"https:\/\/www.nbamaniacs.com\/de\/wp-json\/wp\/v2\/users\/14497"}],"replies":[{"embeddable":true,"href":"https:\/\/www.nbamaniacs.com\/de\/wp-json\/wp\/v2\/comments?post=409539"}],"version-history":[{"count":1,"href":"https:\/\/www.nbamaniacs.com\/de\/wp-json\/wp\/v2\/posts\/409539\/revisions"}],"predecessor-version":[{"id":409817,"href":"https:\/\/www.nbamaniacs.com\/de\/wp-json\/wp\/v2\/posts\/409539\/revisions\/409817"}],"wp:featuredmedia":[{"embeddable":true,"href":"https:\/\/www.nbamaniacs.com\/de\/wp-json\/wp\/v2\/media\/409523"}],"wp:attachment":[{"href":"https:\/\/www.nbamaniacs.com\/de\/wp-json\/wp\/v2\/media?parent=409539"}],"wp:term":[{"taxonomy":"category","embeddable":true,"href":"https:\/\/www.nbamaniacs.com\/de\/wp-json\/wp\/v2\/categories?post=409539"},{"taxonomy":"post_tag","embeddable":true,"href":"https:\/\/www.nbamaniacs.com\/de\/wp-json\/wp\/v2\/tags?post=409539"}],"curies":[{"name":"wp","href":"https:\/\/api.w.org\/{rel}","templated":true}]}}