{"id":409805,"date":"2025-06-10T19:20:26","date_gmt":"2025-06-10T17:20:26","guid":{"rendered":"https:\/\/www.nbamaniacs.com\/de\/nachrichten\/kings-haben-darius-garland-im-visier\/"},"modified":"2025-06-11T11:11:14","modified_gmt":"2025-06-11T09:11:14","slug":"kings-haben-darius-garland-im-visier","status":"publish","type":"post","link":"https:\/\/www.nbamaniacs.com\/de\/geruchte\/kings-haben-darius-garland-im-visier\/","title":{"rendered":"Kings haben Darius Garland im Visier"},"content":{"rendered":"<p>Die Sacramento Kings haben Interesse an Darius Garland bekundet und sehen ihn als potenzielles Trade-Ziel in diesem Sommer, <a href=\"https:\/\/rg.org\/news\/basketball\/kings-target-garland-over-young-as-point-guard-search-heats-up\" target=\"_blank\" rel=\"noopener nofollow\">so berichtet Reporter Grant Afseth<\/a>.<\/p>\n<p>Die Franchise aus Kalifornien beobachtet den Markt auf der Suche nach einem verl\u00e4sslichen Point Guard, der De&#8217;Aaron Fox ersetzen soll. Zu diesem Zweck richten die Verantwortlichen ihren Blick nach Cleveland, wo <a href=\"https:\/\/www.nbamaniacs.com\/de\/geruchte\/cavs-pruefen-angebote-fuer-darius-garland\/\">Angebote f\u00fcr den <em>Starting Point Guard<\/em><\/a> entgegengenommen werden, der seit sechs Spielzeiten diese Rolle bekleidet.<\/p>\n<p>Die St\u00e4rkung der Point-Guard-Position hat in Sacramento h\u00f6chste Priorit\u00e4t, wie der neue President of Basketball Operations Scott Perry nach <a href=\"https:\/\/www.nbamaniacs.com\/de\/geruchte\/sacramento-verpflichtet-scott-perry-als-general-manager\/\">seiner Einstellung Mitte April<\/a> best\u00e4tigte. K\u00fcrzlich wurde zudem bekannt, dass <a href=\"https:\/\/www.nbamaniacs.com\/de\/geruchte\/kings-wollen-tyus-jones-verpflichten\/\">Tyus Jones zu den Free Agents<\/a> z\u00e4hlt, die die Kings im Auge haben. Dennoch bietet der Trade-Markt mehr M\u00f6glichkeiten, um einen Spieler h\u00f6heren Kalibers zu verpflichten.<\/p>\n<p>Mehrere Berichte seit dem Ende der Cavs-Saison legen nahe, dass die Organisation aus Ohio bereit ist, Garland in diesem Sommer abzugeben. Allerdings unterzog sich der 25-J\u00e4hrige in dieser Woche einer Fu\u00dfoperation und <a href=\"https:\/\/www.nbamaniacs.com\/de\/nachrichten\/darius-garland-faellt-4-5-monate-aus-2\/\" target=\"_blank\" rel=\"noreferrer noopener\">wird voraussichtlich vier bis f\u00fcnf Monate ausfallen<\/a>, was seinen Einsatz zum Start der Saison 2025-26 gef\u00e4hrden k\u00f6nnte. Sein Wert ist dadurch gesunken und die Cavaliers k\u00f6nnten nicht die erhoffte Gegenleistung erhalten.<\/p>\n<p><em>(Titelbild von Ken Blaze-Imagn Images)<\/em><\/p>\n","protected":false},"excerpt":{"rendered":"<p>Die Sacramento Kings haben Interesse an Darius Garland bekundet und sehen ihn als potenzielles Trade-Ziel in diesem Sommer, so berichtet Reporter Grant Afseth. Die Franchise &#8230; <a title=\"Kings haben Darius Garland im Visier\" class=\"read-more\" href=\"https:\/\/www.nbamaniacs.com\/de\/geruchte\/kings-haben-darius-garland-im-visier\/\" aria-label=\"Mehr Informationen \u00fcber Kings haben Darius Garland im Visier\">Mehr lesen<\/a><\/p>\n","protected":false},"author":14497,"featured_media":409802,"comment_status":"closed","ping_status":"","sticky":false,"template":"","format":"standard","meta":{"ub_ctt_via":"","footnotes":""},"categories":[588],"tags":[27,3986,44],"class_list":["post-409805","post","type-post","status-publish","format-standard","has-post-thumbnail","hentry","category-geruchte","tag-cleveland-cavaliers","tag-darius-garland","tag-sacramento-kings","no-featured-image-padding","resize-featured-image"],"featured_image_src":"https:\/\/www.nbamaniacs.com\/de\/wp-content\/uploads\/2025\/06\/garland-und-cavs-bezwingen-die-kings.jpg","author_info":{"display_name":"Niko Jens Schwann","author_link":"https:\/\/www.nbamaniacs.com\/de\/autor\/niko-jens-schwann\/"},"_links":{"self":[{"href":"https:\/\/www.nbamaniacs.com\/de\/wp-json\/wp\/v2\/posts\/409805","targetHints":{"allow":["GET"]}}],"collection":[{"href":"https:\/\/www.nbamaniacs.com\/de\/wp-json\/wp\/v2\/posts"}],"about":[{"href":"https:\/\/www.nbamaniacs.com\/de\/wp-json\/wp\/v2\/types\/post"}],"author":[{"embeddable":true,"href":"https:\/\/www.nbamaniacs.com\/de\/wp-json\/wp\/v2\/users\/14497"}],"replies":[{"embeddable":true,"href":"https:\/\/www.nbamaniacs.com\/de\/wp-json\/wp\/v2\/comments?post=409805"}],"version-history":[{"count":1,"href":"https:\/\/www.nbamaniacs.com\/de\/wp-json\/wp\/v2\/posts\/409805\/revisions"}],"predecessor-version":[{"id":409810,"href":"https:\/\/www.nbamaniacs.com\/de\/wp-json\/wp\/v2\/posts\/409805\/revisions\/409810"}],"wp:featuredmedia":[{"embeddable":true,"href":"https:\/\/www.nbamaniacs.com\/de\/wp-json\/wp\/v2\/media\/409802"}],"wp:attachment":[{"href":"https:\/\/www.nbamaniacs.com\/de\/wp-json\/wp\/v2\/media?parent=409805"}],"wp:term":[{"taxonomy":"category","embeddable":true,"href":"https:\/\/www.nbamaniacs.com\/de\/wp-json\/wp\/v2\/categories?post=409805"},{"taxonomy":"post_tag","embeddable":true,"href":"https:\/\/www.nbamaniacs.com\/de\/wp-json\/wp\/v2\/tags?post=409805"}],"curies":[{"name":"wp","href":"https:\/\/api.w.org\/{rel}","templated":true}]}}