{"id":411629,"date":"2025-06-18T12:00:00","date_gmt":"2025-06-18T10:00:00","guid":{"rendered":"https:\/\/www.nbamaniacs.com\/de\/nachrichten\/jonas-valanciunas-knallt-die-tuer-zu\/"},"modified":"2025-06-18T12:00:00","modified_gmt":"2025-06-18T10:00:00","slug":"jonas-valanciunas-knallt-die-tuer-zu","status":"publish","type":"post","link":"https:\/\/www.nbamaniacs.com\/de\/nachrichten\/jonas-valanciunas-knallt-die-tuer-zu\/","title":{"rendered":"Jonas Valanciunas knallt die T\u00fcr zu"},"content":{"rendered":"<p>Der Sommer verspricht jede Menge Spannung auf dem NBA-Markt, doch manche bleiben lieber an der Seitenlinie, obwohl sie es nicht komplett in der Hand haben. Genau so geht es Jonas Valanciunas, der im Februar zu den Sacramento Kings transferiert wurde und bereits bekundet hat, in der Hauptstadt Kaliforniens bleiben zu wollen.<\/p>\n<p>\u201eIch kann meine eigenen Pl\u00e4ne schmieden, aber letztlich z\u00e4hlt die Entscheidung der Kings am meisten. Im Moment plane ich zu bleiben. Ich habe nichts von einem m\u00f6glichen Trade oder Interesse daran geh\u00f6rt. Solange es keine Anzeichen daf\u00fcr gibt, konzentriere ich mich auf Sacramento\u201c, sagte er Johnny Askounis von <em>Eurohoops<\/em>.<\/p>\n<p>Die Wahrheit ist, dass Valanciunas\u2019 Situation bei den Kings alles andere als gesichert ist. Einerseits wirkt er wie ein solider Baustein f\u00fcr den Aufbau eines konkurrenzf\u00e4higen Teams, zumal er noch zwei Jahre Vertrag \u00fcber insgesamt 20,4 Millionen Dollar hat \u2013 ein echtes Schn\u00e4ppchen. Andererseits fehlt in Sacramento eine klare Richtung, da die Verpflichtungen von DeMar DeRozan und Zach LaVine bislang nicht wirklich durchgeschlagen haben.<\/p>\n<p>W\u00e4hrend es nach wie vor Ger\u00fcchte um ihn und viele andere Spieler gibt, hat Valanciunas bereits best\u00e4tigt, dass er diesen Sommer f\u00fcr Litauen bei der EuroBasket auflaufen wird. Der 33-j\u00e4hrige Center wei\u00df genau, was er in dieser Phase seiner Karriere will.<\/p>\n<p><em>(Fotograf\u00eda de John Hefti-Imagn Images)<\/em><\/p>\n","protected":false},"excerpt":{"rendered":"<p>Der Sommer verspricht jede Menge Spannung auf dem NBA-Markt, doch manche bleiben lieber an der Seitenlinie, obwohl sie es nicht komplett in der Hand haben. &#8230; <a title=\"Jonas Valanciunas knallt die T\u00fcr zu\" class=\"read-more\" href=\"https:\/\/www.nbamaniacs.com\/de\/nachrichten\/jonas-valanciunas-knallt-die-tuer-zu\/\" aria-label=\"Mehr Informationen \u00fcber Jonas Valanciunas knallt die T\u00fcr zu\">Mehr lesen<\/a><\/p>\n","protected":false},"author":14497,"featured_media":411628,"comment_status":"closed","ping_status":"","sticky":false,"template":"","format":"standard","meta":{"ub_ctt_via":"","footnotes":""},"categories":[6],"tags":[760,44],"class_list":["post-411629","post","type-post","status-publish","format-standard","has-post-thumbnail","hentry","category-nachrichten","tag-jonas-valanciunas","tag-sacramento-kings","no-featured-image-padding","resize-featured-image"],"featured_image_src":"https:\/\/www.nbamaniacs.com\/de\/wp-content\/uploads\/2025\/06\/valanciunas-legt-los-am-mittwoch-den-18.jpg","author_info":{"display_name":"Niko Jens Schwann","author_link":"https:\/\/www.nbamaniacs.com\/de\/autor\/niko-jens-schwann\/"},"_links":{"self":[{"href":"https:\/\/www.nbamaniacs.com\/de\/wp-json\/wp\/v2\/posts\/411629","targetHints":{"allow":["GET"]}}],"collection":[{"href":"https:\/\/www.nbamaniacs.com\/de\/wp-json\/wp\/v2\/posts"}],"about":[{"href":"https:\/\/www.nbamaniacs.com\/de\/wp-json\/wp\/v2\/types\/post"}],"author":[{"embeddable":true,"href":"https:\/\/www.nbamaniacs.com\/de\/wp-json\/wp\/v2\/users\/14497"}],"replies":[{"embeddable":true,"href":"https:\/\/www.nbamaniacs.com\/de\/wp-json\/wp\/v2\/comments?post=411629"}],"version-history":[{"count":0,"href":"https:\/\/www.nbamaniacs.com\/de\/wp-json\/wp\/v2\/posts\/411629\/revisions"}],"wp:featuredmedia":[{"embeddable":true,"href":"https:\/\/www.nbamaniacs.com\/de\/wp-json\/wp\/v2\/media\/411628"}],"wp:attachment":[{"href":"https:\/\/www.nbamaniacs.com\/de\/wp-json\/wp\/v2\/media?parent=411629"}],"wp:term":[{"taxonomy":"category","embeddable":true,"href":"https:\/\/www.nbamaniacs.com\/de\/wp-json\/wp\/v2\/categories?post=411629"},{"taxonomy":"post_tag","embeddable":true,"href":"https:\/\/www.nbamaniacs.com\/de\/wp-json\/wp\/v2\/tags?post=411629"}],"curies":[{"name":"wp","href":"https:\/\/api.w.org\/{rel}","templated":true}]}}