{"id":411954,"date":"2025-06-24T08:28:00","date_gmt":"2025-06-24T06:28:00","guid":{"rendered":"https:\/\/www.nbamaniacs.com\/de\/nachrichten\/celtics-tauschen-jrue-holiday-erneut-nach-portland\/"},"modified":"2025-06-24T08:28:00","modified_gmt":"2025-06-24T06:28:00","slug":"celtics-tauschen-jrue-holiday-erneut-nach-portland","status":"publish","type":"post","link":"https:\/\/www.nbamaniacs.com\/de\/geruchte\/celtics-tauschen-jrue-holiday-erneut-nach-portland\/","title":{"rendered":"Celtics tauschen Jrue Holiday erneut nach Portland"},"content":{"rendered":"<p>Erster gro\u00dfer Offseason-Move der Boston Celtics, um ihren Kader neu aufzustellen. Vor weniger als zwei Jahren holten die Celtics Jrue Holiday von den Portland Trail Blazers. Heute schicken sie ihn zur\u00fcck nach Oregon im Tausch gegen Anfernee Simons und zwei Second-Round-Picks. Damit sparen sie in dieser Saison (vorerst) 5 Millionen Dollar in der Luxury Tax und verschaffen sich f\u00fcr den kommenden Sommer mehr Flexibilit\u00e4t dank eines auslaufenden Vertrags.<\/p>\n<p>Tats\u00e4chlich ist noch unklar, ob Simons die gesamte Saison \u00fcber in Boston bleiben wird.<\/p>\n<div style=\"height:30px\" aria-hidden=\"true\" class=\"wp-block-spacer\"><\/div>\n<figure class=\"wp-block-embed is-type-rich is-provider-twitter wp-block-embed-twitter\">\n<div class=\"wp-block-embed__wrapper\">\n<blockquote class=\"twitter-tweet\" data-width=\"550\" data-dnt=\"true\">\n<p lang=\"en\" dir=\"ltr\">BREAKING: The Boston Celtics have traded Jrue Holiday to the Portland Trail Blazers for Anfernee Simons and two second-round picks, sources tell ESPN. <a href=\"https:\/\/t.co\/2ycXQicGkT\" target=\"_blank\" rel=\"nofollow\">pic.twitter.com\/2ycXQicGkT<\/a><\/p>\n<p>&mdash; Shams Charania (@ShamsCharania) <a href=\"https:\/\/twitter.com\/ShamsCharania\/status\/1937354016171917821?ref_src=twsrc%5Etfw\" target=\"_blank\" rel=\"noopener nofollow\">June 24, 2025<\/a><\/p><\/blockquote>\n<p><script async src=\"https:\/\/platform.twitter.com\/widgets.js\" charset=\"utf-8\"><\/script>\n<\/div>\n<\/figure>\n<div style=\"height:30px\" aria-hidden=\"true\" class=\"wp-block-spacer\"><\/div>\n<p>Was Portland angeht, lassen die von Shams Charania auf <em>ESPN<\/em> geteilten Neuigkeiten darauf schlie\u00dfen, dass die Blazers diesen Schritt bewusst gegangen sind, um den erhofften Wettbewerbssprung einzuleiten, den sie seit Damian Lillards Abgang planen \u2013 jener Trade, der Holiday urspr\u00fcnglich nach Portland brachte. Das Team aus Oregon legte f\u00fcr seine Ziele eine solide Saison hin, besonders in der Defense. Genau dort passt Jrue Holiday ideal hinein.<\/p>\n<p>Das d\u00fcrfte Bostons erster Move in diesem Sommer sein, um die Second-Apron-Grenzen zu verringern und den Kader neu zu ordnen, wenn Jayson Tatum 2026 von seiner Achillessehnenverletzung zur\u00fcckkehrt. Holiday war der Hauptkandidat f\u00fcr einen Abgang, wegen Alter, Gehalt und schw\u00e4cherer Leistungen nach seiner All-Defense-Auszeichnung. Auch Kristaps Porzingis k\u00f6nnte das Team verlassen.<\/p>\n<p><em>(Cover photo by Bob DeChiara-Imagn Images)<\/em><\/p>\n","protected":false},"excerpt":{"rendered":"<p>Erster gro\u00dfer Offseason-Move der Boston Celtics, um ihren Kader neu aufzustellen. Vor weniger als zwei Jahren holten die Celtics Jrue Holiday von den Portland Trail &#8230; <a title=\"Celtics tauschen Jrue Holiday erneut nach Portland\" class=\"read-more\" href=\"https:\/\/www.nbamaniacs.com\/de\/geruchte\/celtics-tauschen-jrue-holiday-erneut-nach-portland\/\" aria-label=\"Mehr Informationen \u00fcber Celtics tauschen Jrue Holiday erneut nach Portland\">Mehr lesen<\/a><\/p>\n","protected":false},"author":14497,"featured_media":411953,"comment_status":"closed","ping_status":"","sticky":false,"template":"","format":"standard","meta":{"ub_ctt_via":"","footnotes":""},"categories":[588],"tags":[3995,19,513,564],"class_list":["post-411954","post","type-post","status-publish","format-standard","has-post-thumbnail","hentry","category-geruchte","tag-anfernee-simons","tag-boston-celtics","tag-jrue-holiday","tag-portland-trail-blazers","no-featured-image-padding","resize-featured-image"],"featured_image_src":"https:\/\/www.nbamaniacs.com\/de\/wp-content\/uploads\/2025\/06\/jrue-holiday-erobert-platz-1.jpg","author_info":{"display_name":"Niko Jens Schwann","author_link":"https:\/\/www.nbamaniacs.com\/de\/autor\/niko-jens-schwann\/"},"_links":{"self":[{"href":"https:\/\/www.nbamaniacs.com\/de\/wp-json\/wp\/v2\/posts\/411954","targetHints":{"allow":["GET"]}}],"collection":[{"href":"https:\/\/www.nbamaniacs.com\/de\/wp-json\/wp\/v2\/posts"}],"about":[{"href":"https:\/\/www.nbamaniacs.com\/de\/wp-json\/wp\/v2\/types\/post"}],"author":[{"embeddable":true,"href":"https:\/\/www.nbamaniacs.com\/de\/wp-json\/wp\/v2\/users\/14497"}],"replies":[{"embeddable":true,"href":"https:\/\/www.nbamaniacs.com\/de\/wp-json\/wp\/v2\/comments?post=411954"}],"version-history":[{"count":0,"href":"https:\/\/www.nbamaniacs.com\/de\/wp-json\/wp\/v2\/posts\/411954\/revisions"}],"wp:featuredmedia":[{"embeddable":true,"href":"https:\/\/www.nbamaniacs.com\/de\/wp-json\/wp\/v2\/media\/411953"}],"wp:attachment":[{"href":"https:\/\/www.nbamaniacs.com\/de\/wp-json\/wp\/v2\/media?parent=411954"}],"wp:term":[{"taxonomy":"category","embeddable":true,"href":"https:\/\/www.nbamaniacs.com\/de\/wp-json\/wp\/v2\/categories?post=411954"},{"taxonomy":"post_tag","embeddable":true,"href":"https:\/\/www.nbamaniacs.com\/de\/wp-json\/wp\/v2\/tags?post=411954"}],"curies":[{"name":"wp","href":"https:\/\/api.w.org\/{rel}","templated":true}]}}