{"id":412121,"date":"2025-07-01T00:10:00","date_gmt":"2025-06-30T22:10:00","guid":{"rendered":"https:\/\/www.nbamaniacs.com\/de\/nachrichten\/paul-reed-verlaengert-zwei-weitere-saisons-in-detroit\/"},"modified":"2025-07-11T13:21:52","modified_gmt":"2025-07-11T11:21:52","slug":"paul-reed-verlaengert-zwei-weitere-saisons-in-detroit","status":"publish","type":"post","link":"https:\/\/www.nbamaniacs.com\/de\/nachrichten\/paul-reed-verlaengert-zwei-weitere-saisons-in-detroit\/","title":{"rendered":"Paul Reed verl\u00e4ngert: Zwei weitere Saisons in Detroit"},"content":{"rendered":"<p>Paul Reed und die Detroit Pistons haben sich auf eine Fortsetzung ihrer Zusammenarbeit bis 2027 geeinigt. Laut Shams Charania von <em>ESPN<\/em> wird der Center f\u00fcr zwei Saisons und insgesamt 11 Millionen Dollar beim Team aus Michigan unterschreiben und so seine Rolle als Backup-Center in einem aufstrebenden Projekt festigen.<\/p>\n<blockquote class=\"twitter-tweet\">\n<p lang=\"en\" dir=\"ltr\">Freier Agent C\/F Paul Reed \u2013 auch bekannt als BBall Paul \u2013 hat einem Zweijahresvertrag \u00fcber 11 Millionen Dollar zur R\u00fcckkehr zu den Detroit Pistons zugestimmt, berichten Quellen bei ESPN. Reed spielte eine vielseitige Rolle im Frontcourt der Pistons, und sowohl das Team als auch sein Agent Ron Shade von Octagon haben heute Nacht den neuen Vertrag abgeschlossen. <a href=\"https:\/\/t.co\/E18RtqMSqj\" target=\"_blank\" rel=\"nofollow\">pic.twitter.com\/E18RtqMSqj<\/a><\/p>\n<p>&mdash; Shams Charania (@ShamsCharania) <a href=\"https:\/\/twitter.com\/ShamsCharania\/status\/1939814041339470323?ref_src=twsrc%5Etfw\" target=\"_blank\" rel=\"noopener nofollow\">June 30, 2025<\/a><\/p>\n<\/blockquote>\n<p><script async src=\"https:\/\/platform.twitter.com\/widgets.js\" charset=\"utf-8\"><\/script><\/p>\n<p><a href=\"https:\/\/www.nbamaniacs.com\/de\/nachrichten\/detroit-pistons-verpflichten-paul-reed\/\" target=\"_blank\" rel=\"noreferrer noopener\">Reed kam nach Detroit<\/a>, nachdem er von den 76ers entlassen worden war. Obwohl er nicht konstant auf dem Parkett stand, zeigte er genug, um Bickerstaffs Vertrauen zu gewinnen. Mit 4,1 Punkten und 2,7 Rebounds in knapp 10 Minuten pro Spiel lieferte er solide, wenn auch \u00fcberschaubare, Leistungen und brachte dank seiner beeindruckenden Sprungkraft zus\u00e4tzlichen Ringschutz.<\/p>\n<p>Seine Rolle scheint als dritter Center hinter Duren und Stewart festzustehen. Doch das Trainerteam ist offenbar bereit, auf ihn zu setzen, wenn einer der beiden ausf\u00e4llt, und dieses Vertrauen f\u00fchrte zu seinem neuen Vertrag. Stewarts Knieprobleme brachten Reed beispielsweise in f\u00fcnf der sechs Playoff-Spiele Detroits, wo er in einigen Partien einen durchaus soliden Eindruck hinterlie\u00df.<\/p>\n<p>Jetzt muss er beweisen, dass er mehr erreichen kann. Ist er bereit, um zus\u00e4tzliche Minuten zu k\u00e4mpfen, oder ist dies sein Limit?<\/p>\n<p><em>(Titelbild: Kelley L Cox-Imagn Images)<\/em><\/p>\n","protected":false},"excerpt":{"rendered":"<p>Paul Reed und die Detroit Pistons haben sich auf eine Fortsetzung ihrer Zusammenarbeit bis 2027 geeinigt. Laut Shams Charania von ESPN wird der Center f\u00fcr &#8230; <a title=\"Paul Reed verl\u00e4ngert: Zwei weitere Saisons in Detroit\" class=\"read-more\" href=\"https:\/\/www.nbamaniacs.com\/de\/nachrichten\/paul-reed-verlaengert-zwei-weitere-saisons-in-detroit\/\" aria-label=\"Mehr Informationen \u00fcber Paul Reed verl\u00e4ngert: Zwei weitere Saisons in Detroit\">Mehr lesen<\/a><\/p>\n","protected":false},"author":14497,"featured_media":412120,"comment_status":"closed","ping_status":"","sticky":false,"template":"","format":"standard","meta":{"ub_ctt_via":"","footnotes":""},"categories":[6],"tags":[22],"class_list":["post-412121","post","type-post","status-publish","format-standard","has-post-thumbnail","hentry","category-nachrichten","tag-detroit-pistons","no-featured-image-padding","resize-featured-image"],"featured_image_src":"https:\/\/www.nbamaniacs.com\/de\/wp-content\/uploads\/2025\/07\/paul-reed-befeuert-die-76ers-defense.jpg","author_info":{"display_name":"Niko Jens Schwann","author_link":"https:\/\/www.nbamaniacs.com\/de\/autor\/niko-jens-schwann\/"},"_links":{"self":[{"href":"https:\/\/www.nbamaniacs.com\/de\/wp-json\/wp\/v2\/posts\/412121","targetHints":{"allow":["GET"]}}],"collection":[{"href":"https:\/\/www.nbamaniacs.com\/de\/wp-json\/wp\/v2\/posts"}],"about":[{"href":"https:\/\/www.nbamaniacs.com\/de\/wp-json\/wp\/v2\/types\/post"}],"author":[{"embeddable":true,"href":"https:\/\/www.nbamaniacs.com\/de\/wp-json\/wp\/v2\/users\/14497"}],"replies":[{"embeddable":true,"href":"https:\/\/www.nbamaniacs.com\/de\/wp-json\/wp\/v2\/comments?post=412121"}],"version-history":[{"count":1,"href":"https:\/\/www.nbamaniacs.com\/de\/wp-json\/wp\/v2\/posts\/412121\/revisions"}],"predecessor-version":[{"id":412624,"href":"https:\/\/www.nbamaniacs.com\/de\/wp-json\/wp\/v2\/posts\/412121\/revisions\/412624"}],"wp:featuredmedia":[{"embeddable":true,"href":"https:\/\/www.nbamaniacs.com\/de\/wp-json\/wp\/v2\/media\/412120"}],"wp:attachment":[{"href":"https:\/\/www.nbamaniacs.com\/de\/wp-json\/wp\/v2\/media?parent=412121"}],"wp:term":[{"taxonomy":"category","embeddable":true,"href":"https:\/\/www.nbamaniacs.com\/de\/wp-json\/wp\/v2\/categories?post=412121"},{"taxonomy":"post_tag","embeddable":true,"href":"https:\/\/www.nbamaniacs.com\/de\/wp-json\/wp\/v2\/tags?post=412121"}],"curies":[{"name":"wp","href":"https:\/\/api.w.org\/{rel}","templated":true}]}}