{"id":412284,"date":"2025-07-04T10:18:00","date_gmt":"2025-07-04T08:18:00","guid":{"rendered":"https:\/\/www.nbamaniacs.com\/de\/nachrichten\/jonas-valanciunas-verstaerkt-panathinaikos\/"},"modified":"2025-07-11T13:20:28","modified_gmt":"2025-07-11T11:20:28","slug":"jonas-valanciunas-verstaerkt-panathinaikos","status":"publish","type":"post","link":"https:\/\/www.nbamaniacs.com\/de\/nachrichten\/jonas-valanciunas-verstaerkt-panathinaikos\/","title":{"rendered":"Jonas Valanciunas verst\u00e4rkt Panathinaikos"},"content":{"rendered":"<p>Jonas Valanciunas\u2019 Karriere hat sich innerhalb von nur 24 Stunden drastisch ver\u00e4ndert. Wurde er vor dieser Phase noch als <a href=\"https:\/\/www.nbamaniacs.com\/de\/geruchte\/jonas-valanciunas-wechselt-per-trade-nach-denver\/\" target=\"_blank\" rel=\"noreferrer noopener\">ein gro\u00dfer Gewinn f\u00fcr die Denver Nuggets<\/a> betrachtet, ist er jetzt zu etwas noch Gr\u00f6\u00dferem geworden \u2013 allerdings f\u00fcr Panathinaikos.<\/p>\n<p>Genau so ist es. <em>Basketnews<\/em> meldete gestern Abend, dass der Spieler mit einem Wechsel nach Europa lieb\u00e4ugelt, um sich dem griechischen Team anzuschlie\u00dfen. Dieses Szenario hat sich inzwischen best\u00e4tigt: Laut derselben Quelle ist er bereits auf dem Weg nach Athen, um die n\u00f6tigen medizinischen Tests zu absolvieren.<\/p>\n<p>Das ist alles andere als ein haltloses Ger\u00fccht. Der stets verl\u00e4ssliche Marc Stein berichtet von mehreren Quellen, die den nahenden Wechsel des Centers zu Panathinaikos best\u00e4tigen. Damit k\u00f6nnte er zu einem der gr\u00f6\u00dften EuroLeague-Stars der Saison 2025-26 aufsteigen.<\/p>\n<p>Und was bedeutet das f\u00fcr die Nuggets? Sie verlieren den Spieler, der als Ersatz f\u00fcr Nikola Jokic vom Spielfeldrand kommen sollte. Finanziell gewinnt die Franchise aus Colorado daf\u00fcr ihre vollst\u00e4ndige Mid-Level Exception zur\u00fcck, um sich einen anderen Wunschkandidaten zu sichern.<\/p>\n<p><em>(Photo by John Hefti-Imagn Images)<\/em><\/p>\n","protected":false},"excerpt":{"rendered":"<p>Jonas Valanciunas\u2019 Karriere hat sich innerhalb von nur 24 Stunden drastisch ver\u00e4ndert. Wurde er vor dieser Phase noch als ein gro\u00dfer Gewinn f\u00fcr die Denver &#8230; <a title=\"Jonas Valanciunas verst\u00e4rkt Panathinaikos\" class=\"read-more\" href=\"https:\/\/www.nbamaniacs.com\/de\/nachrichten\/jonas-valanciunas-verstaerkt-panathinaikos\/\" aria-label=\"Mehr Informationen \u00fcber Jonas Valanciunas verst\u00e4rkt Panathinaikos\">Mehr lesen<\/a><\/p>\n","protected":false},"author":14497,"featured_media":412280,"comment_status":"closed","ping_status":"","sticky":false,"template":"","format":"standard","meta":{"ub_ctt_via":"","footnotes":""},"categories":[6],"tags":[23,760],"class_list":["post-412284","post","type-post","status-publish","format-standard","has-post-thumbnail","hentry","category-nachrichten","tag-denver-nuggets","tag-jonas-valanciunas","no-featured-image-padding","resize-featured-image"],"featured_image_src":"https:\/\/www.nbamaniacs.com\/de\/wp-content\/uploads\/2025\/07\/valanciunas-k-ampft-um-den-vierten-playoff-platz.jpg","author_info":{"display_name":"Niko Jens Schwann","author_link":"https:\/\/www.nbamaniacs.com\/de\/autor\/niko-jens-schwann\/"},"_links":{"self":[{"href":"https:\/\/www.nbamaniacs.com\/de\/wp-json\/wp\/v2\/posts\/412284","targetHints":{"allow":["GET"]}}],"collection":[{"href":"https:\/\/www.nbamaniacs.com\/de\/wp-json\/wp\/v2\/posts"}],"about":[{"href":"https:\/\/www.nbamaniacs.com\/de\/wp-json\/wp\/v2\/types\/post"}],"author":[{"embeddable":true,"href":"https:\/\/www.nbamaniacs.com\/de\/wp-json\/wp\/v2\/users\/14497"}],"replies":[{"embeddable":true,"href":"https:\/\/www.nbamaniacs.com\/de\/wp-json\/wp\/v2\/comments?post=412284"}],"version-history":[{"count":1,"href":"https:\/\/www.nbamaniacs.com\/de\/wp-json\/wp\/v2\/posts\/412284\/revisions"}],"predecessor-version":[{"id":412590,"href":"https:\/\/www.nbamaniacs.com\/de\/wp-json\/wp\/v2\/posts\/412284\/revisions\/412590"}],"wp:featuredmedia":[{"embeddable":true,"href":"https:\/\/www.nbamaniacs.com\/de\/wp-json\/wp\/v2\/media\/412280"}],"wp:attachment":[{"href":"https:\/\/www.nbamaniacs.com\/de\/wp-json\/wp\/v2\/media?parent=412284"}],"wp:term":[{"taxonomy":"category","embeddable":true,"href":"https:\/\/www.nbamaniacs.com\/de\/wp-json\/wp\/v2\/categories?post=412284"},{"taxonomy":"post_tag","embeddable":true,"href":"https:\/\/www.nbamaniacs.com\/de\/wp-json\/wp\/v2\/tags?post=412284"}],"curies":[{"name":"wp","href":"https:\/\/api.w.org\/{rel}","templated":true}]}}