{"id":412366,"date":"2025-07-08T18:49:29","date_gmt":"2025-07-08T16:49:29","guid":{"rendered":"https:\/\/www.nbamaniacs.com\/de\/nachrichten\/brad-stevens-verzichtet-wohl-auf-al-horford\/"},"modified":"2025-07-08T18:49:29","modified_gmt":"2025-07-08T16:49:29","slug":"brad-stevens-verzichtet-wohl-auf-al-horford","status":"publish","type":"post","link":"https:\/\/www.nbamaniacs.com\/de\/nachrichten\/brad-stevens-verzichtet-wohl-auf-al-horford\/","title":{"rendered":"Brad Stevens verzichtet wohl auf Al Horford"},"content":{"rendered":"<hr class=\"wp-block-separator has-alpha-channel-opacity\"\/>\n<div style=\"position:relative; width:100%; height:0px; padding-bottom:56.250%\"><iframe allow=\"fullscreen;autoplay\" allowfullscreen height=\"100%\" src=\"https:\/\/streamable.com\/e\/epp1x5?autoplay=1&#038;nocontrols=1\" width=\"100%\" style=\"border:none; width:100%; height:100%; position:absolute; left:0px; top:0px; overflow:hidden;\"><\/iframe><\/div>\n<div style=\"height:30px\" aria-hidden=\"true\" class=\"wp-block-spacer\"><\/div>\n<p>Bis vor Kurzem war es kaum vorstellbar, dass Al Horford in einer anderen Uniform als der der Boston Celtics seine Karriere beendet. Doch dieses Szenario wird immer wahrscheinlicher. Der erfahrene Big Man ist auf den Radar mehrerer Teams geraten: der Los Angeles Lakers, Milwaukee Bucks, Golden State Warriors und nun auch der Denver Nuggets, die ihm einen Mid-Level Deal anbieten k\u00f6nnten, falls Jonas Valanciunas zu Panathinaikos wechselt.<\/p>\n<p>Horford r\u00fcckte auf Brad Stevens\u2019 Pressekonferenz in den Mittelpunkt. Dort r\u00e4umte Stevens ein, sowohl dem dominikanischen Center als auch Luke Kornet Angebote gemacht zu haben. Kornet unterschrieb schlie\u00dflich einen Vierjahresvertrag \u00fcber 41 Millionen Dollar bei den San Antonio Spurs. Stevens bezeichnet Horfords R\u00fcckkehr als \u201eunwahrscheinlich\u201c.<\/p>\n<p>Vergangene Saison kassierte der Big Man 9 Millionen Dollar bei den Celtics, die ihre Gehaltskosten drastisch senken wollen und ihm vermutlich ein deutlich niedrigeres Angebot unterbreitet haben. Schlie\u00dflich steht in Boston ein Umbruch an \u2013 und da macht es wenig Sinn, einen Spieler zu halten, der in weniger als zw\u00f6lf Monaten wom\u00f6glich aufh\u00f6rt.<\/p>\n<p>W\u00e4hrend seines Auftritts <a href=\"https:\/\/x.com\/danield1214\/status\/1942612317679804693\" target=\"_blank\" rel=\"noreferrer noopener nofollow\">betonte<\/a> Stevens au\u00dferdem mit Nachdruck, dass der einzige Grund f\u00fcr den Trade von Jrue Holiday und Kristaps Porzingis \u201ethe second apron\u201c war.<\/p>\n<p><em>(Titelbild von Kim Klement\u2013Imagn Images)<\/em><\/p>\n","protected":false},"excerpt":{"rendered":"<p>Bis vor Kurzem war es kaum vorstellbar, dass Al Horford in einer anderen Uniform als der der Boston Celtics seine Karriere beendet. Doch dieses Szenario &#8230; <a title=\"Brad Stevens verzichtet wohl auf Al Horford\" class=\"read-more\" href=\"https:\/\/www.nbamaniacs.com\/de\/nachrichten\/brad-stevens-verzichtet-wohl-auf-al-horford\/\" aria-label=\"Mehr Informationen \u00fcber Brad Stevens verzichtet wohl auf Al Horford\">Mehr lesen<\/a><\/p>\n","protected":false},"author":14497,"featured_media":412364,"comment_status":"closed","ping_status":"","sticky":false,"template":"","format":"standard","meta":{"ub_ctt_via":"","footnotes":""},"categories":[6],"tags":[310,19,1647],"class_list":["post-412366","post","type-post","status-publish","format-standard","has-post-thumbnail","hentry","category-nachrichten","tag-al-horford","tag-boston-celtics","tag-brad-stevens","no-featured-image-padding","resize-featured-image"],"featured_image_src":"https:\/\/www.nbamaniacs.com\/de\/wp-content\/uploads\/2025\/07\/stevens-lobt-horford.jpg","author_info":{"display_name":"Niko Jens Schwann","author_link":"https:\/\/www.nbamaniacs.com\/de\/autor\/niko-jens-schwann\/"},"_links":{"self":[{"href":"https:\/\/www.nbamaniacs.com\/de\/wp-json\/wp\/v2\/posts\/412366","targetHints":{"allow":["GET"]}}],"collection":[{"href":"https:\/\/www.nbamaniacs.com\/de\/wp-json\/wp\/v2\/posts"}],"about":[{"href":"https:\/\/www.nbamaniacs.com\/de\/wp-json\/wp\/v2\/types\/post"}],"author":[{"embeddable":true,"href":"https:\/\/www.nbamaniacs.com\/de\/wp-json\/wp\/v2\/users\/14497"}],"replies":[{"embeddable":true,"href":"https:\/\/www.nbamaniacs.com\/de\/wp-json\/wp\/v2\/comments?post=412366"}],"version-history":[{"count":0,"href":"https:\/\/www.nbamaniacs.com\/de\/wp-json\/wp\/v2\/posts\/412366\/revisions"}],"wp:featuredmedia":[{"embeddable":true,"href":"https:\/\/www.nbamaniacs.com\/de\/wp-json\/wp\/v2\/media\/412364"}],"wp:attachment":[{"href":"https:\/\/www.nbamaniacs.com\/de\/wp-json\/wp\/v2\/media?parent=412366"}],"wp:term":[{"taxonomy":"category","embeddable":true,"href":"https:\/\/www.nbamaniacs.com\/de\/wp-json\/wp\/v2\/categories?post=412366"},{"taxonomy":"post_tag","embeddable":true,"href":"https:\/\/www.nbamaniacs.com\/de\/wp-json\/wp\/v2\/tags?post=412366"}],"curies":[{"name":"wp","href":"https:\/\/api.w.org\/{rel}","templated":true}]}}