{"id":412761,"date":"2025-07-14T07:15:00","date_gmt":"2025-07-14T05:15:00","guid":{"rendered":"https:\/\/www.nbamaniacs.com\/de\/nachrichten\/vanvleet-zum-spielergewerkschaftspraesidenten-gewaehlt\/"},"modified":"2025-07-14T07:15:00","modified_gmt":"2025-07-14T05:15:00","slug":"vanvleet-zum-spielergewerkschaftspraesidenten-gewaehlt","status":"publish","type":"post","link":"https:\/\/www.nbamaniacs.com\/de\/nachrichten\/vanvleet-zum-spielergewerkschaftspraesidenten-gewaehlt\/","title":{"rendered":"VanVleet zum Spielergewerkschaftspr\u00e4sidenten gew\u00e4hlt"},"content":{"rendered":"<p>Die Amtszeit von C.J. McCollum als NBPA-Pr\u00e4sident ist vorbei. Der Washington-Wizards-Spieler wurde durch <a href=\"https:\/\/www.nbamaniacs.com\/noticias\/fred-vanvleet-renueva-con-houston\/\" target=\"_blank\" rel=\"noreferrer noopener\">Fred VanVleet<\/a> ersetzt, der in der letzten Vorstandssitzung zum neuen Pr\u00e4sidenten gew\u00e4hlt wurde. McCollum bleibt als Berater t\u00e4tig, um dem Rockets-Guard den Einstieg in seine neue Rolle zu erleichtern.<\/p>\n<p>VanVleet tritt nun eine vierj\u00e4hrige Amtszeit an und will auf den Erfolgen seines Vorg\u00e4ngers aufbauen. Zu diesen Errungenschaften geh\u00f6rt das 2023 unterzeichnete neue Collective Bargaining Agreement, das jedoch umstritten ist, weil der zweite <em>apron<\/em> die Vertr\u00e4ge vor allem in der Mittelklasse beeinflussen k\u00f6nnte.<\/p>\n<blockquote class=\"twitter-tweet\">\n<p lang=\"en\" dir=\"ltr\">The voice of the players \ud83c\udfa4 <a href=\"https:\/\/twitter.com\/FredVanVleet?ref_src=twsrc%5Etfw\" target=\"_blank\" rel=\"noopener nofollow\">@FredVanVleet<\/a> on his new chapter as NBPA president <a href=\"https:\/\/t.co\/taTZEmaxkQ\" target=\"_blank\" rel=\"nofollow\">pic.twitter.com\/taTZEmaxkQ<\/a><\/p>\n<p>&mdash; NBPA (@TheNBPA) <a href=\"https:\/\/twitter.com\/TheNBPA\/status\/1944499479501275147?ref_src=twsrc%5Etfw\" target=\"_blank\" rel=\"noopener nofollow\">July 13, 2025<\/a><\/p><\/blockquote>\n<p> <script async src=\"https:\/\/platform.twitter.com\/widgets.js\" charset=\"utf-8\"><\/script><\/p>\n<p>Der Kanadier genie\u00dft hohes Ansehen innerhalb der Gewerkschaft, dank seiner Erfahrung in der Liga und seines starken Einsatzes f\u00fcr die Organisation. Er hat praktisch jeden Status in der NBA durchlaufen, kam als <em>undrafted<\/em> Spieler und war sogar in der G League aktiv, bevor er All-Star-Level erreichte und einen Multimillionen-Dollar-Vertrag unterschrieb. Wir werden sehen, ob ihm dieser Hintergrund als Repr\u00e4sentant zugutekommt.<\/p>\n<p><em>(Cover photo: Kelley L Cox-Imagn Images)<\/em><\/p>\n","protected":false},"excerpt":{"rendered":"<p>Die Amtszeit von C.J. McCollum als NBPA-Pr\u00e4sident ist vorbei. Der Washington-Wizards-Spieler wurde durch Fred VanVleet ersetzt, der in der letzten Vorstandssitzung zum neuen Pr\u00e4sidenten gew\u00e4hlt &#8230; <a title=\"VanVleet zum Spielergewerkschaftspr\u00e4sidenten gew\u00e4hlt\" class=\"read-more\" href=\"https:\/\/www.nbamaniacs.com\/de\/nachrichten\/vanvleet-zum-spielergewerkschaftspraesidenten-gewaehlt\/\" aria-label=\"Mehr Informationen \u00fcber VanVleet zum Spielergewerkschaftspr\u00e4sidenten gew\u00e4hlt\">Mehr lesen<\/a><\/p>\n","protected":false},"author":14497,"featured_media":412760,"comment_status":"closed","ping_status":"","sticky":false,"template":"","format":"standard","meta":{"ub_ctt_via":"","footnotes":""},"categories":[6],"tags":[1867,3232],"class_list":["post-412761","post","type-post","status-publish","format-standard","has-post-thumbnail","hentry","category-nachrichten","tag-c-j-mccollum","tag-fred-vanvleet","no-featured-image-padding","resize-featured-image"],"featured_image_src":"https:\/\/www.nbamaniacs.com\/de\/wp-content\/uploads\/2025\/07\/vanvleet-verst-arkt-die-rockets.jpg","author_info":{"display_name":"Niko Jens Schwann","author_link":"https:\/\/www.nbamaniacs.com\/de\/autor\/niko-jens-schwann\/"},"_links":{"self":[{"href":"https:\/\/www.nbamaniacs.com\/de\/wp-json\/wp\/v2\/posts\/412761","targetHints":{"allow":["GET"]}}],"collection":[{"href":"https:\/\/www.nbamaniacs.com\/de\/wp-json\/wp\/v2\/posts"}],"about":[{"href":"https:\/\/www.nbamaniacs.com\/de\/wp-json\/wp\/v2\/types\/post"}],"author":[{"embeddable":true,"href":"https:\/\/www.nbamaniacs.com\/de\/wp-json\/wp\/v2\/users\/14497"}],"replies":[{"embeddable":true,"href":"https:\/\/www.nbamaniacs.com\/de\/wp-json\/wp\/v2\/comments?post=412761"}],"version-history":[{"count":0,"href":"https:\/\/www.nbamaniacs.com\/de\/wp-json\/wp\/v2\/posts\/412761\/revisions"}],"wp:featuredmedia":[{"embeddable":true,"href":"https:\/\/www.nbamaniacs.com\/de\/wp-json\/wp\/v2\/media\/412760"}],"wp:attachment":[{"href":"https:\/\/www.nbamaniacs.com\/de\/wp-json\/wp\/v2\/media?parent=412761"}],"wp:term":[{"taxonomy":"category","embeddable":true,"href":"https:\/\/www.nbamaniacs.com\/de\/wp-json\/wp\/v2\/categories?post=412761"},{"taxonomy":"post_tag","embeddable":true,"href":"https:\/\/www.nbamaniacs.com\/de\/wp-json\/wp\/v2\/tags?post=412761"}],"curies":[{"name":"wp","href":"https:\/\/api.w.org\/{rel}","templated":true}]}}