{"id":412763,"date":"2025-07-14T07:00:00","date_gmt":"2025-07-14T05:00:00","guid":{"rendered":"https:\/\/www.nbamaniacs.com\/de\/nachrichten\/denver-besiegelt-valanciunas-deal-trotz-zukunftsstreit\/"},"modified":"2025-07-14T07:00:00","modified_gmt":"2025-07-14T05:00:00","slug":"denver-besiegelt-valanciunas-deal-trotz-zukunftsstreit","status":"publish","type":"post","link":"https:\/\/www.nbamaniacs.com\/de\/nachrichten\/denver-besiegelt-valanciunas-deal-trotz-zukunftsstreit\/","title":{"rendered":"Denver besiegelt Valanciunas-Deal trotz Zukunftsstreit"},"content":{"rendered":"<p>Ist die Kontroverse vorbei? Es scheint noch nicht so, doch die Denver Nuggets haben auf jeden Fall einen Schritt in diese Richtung gemacht. Das Team aus Colorado gab offiziell die Verpflichtung von <a href=\"https:\/\/www.nbamaniacs.com\/rumores-nba\/jonas-valanciunas-llega-a-denver-via-traspaso\/\" target=\"_blank\" rel=\"noreferrer noopener\">Jonas Valanciunas<\/a> bekannt, den sie im Austausch f\u00fcr Dario Saric geholt haben \u2013 obwohl er deutlich zu verstehen gegeben hat, dass er <a href=\"https:\/\/www.nbamaniacs.com\/noticias\/valanciunas-deja-puertas-abiertas\/\" target=\"_blank\" rel=\"noreferrer noopener\">nach Europa zur\u00fcckkehren<\/a> will.<\/p>\n<p>Diese offizielle Ank\u00fcndigung ist besonders bedeutsam, weil sie darauf hindeutet, dass der Litauer in der kommenden Saison in Denver spielen wird. Allerdings gibt es noch keine Informationen zu seinem Status, der angesichts des j\u00fcngsten Wirbels wohl eine eindeutige Best\u00e4tigung verlangt, dass der Center in der NBA bleibt.<\/p>\n<p>Im offiziellen Statement wird dieses Thema jedoch nicht erw\u00e4hnt. Die Organisation projiziert eine gewisse Normalit\u00e4t, vermutlich um Druck auf den Spieler auszu\u00fcben.<\/p>\n<blockquote class=\"twitter-tweet\">\n<p lang=\"en\" dir=\"ltr\">Welcome to Denver, Jonas! \ud83c\udfd4\ufe0f <a href=\"https:\/\/t.co\/jAMKV8yQ0Q\" target=\"_blank\" rel=\"nofollow\">pic.twitter.com\/jAMKV8yQ0Q<\/a><\/p>\n<p>&mdash; Denver Nuggets (@nuggets) <a href=\"https:\/\/twitter.com\/nuggets\/status\/1944509193698095477?ref_src=twsrc%5Etfw\" target=\"_blank\" rel=\"noopener nofollow\">July 13, 2025<\/a><\/p><\/blockquote>\n<p> <script async src=\"https:\/\/platform.twitter.com\/widgets.js\" charset=\"utf-8\"><\/script><\/p>\n<p>Valanciunas unterschrieb letzten Sommer einen Dreijahresvertrag, der ihn bis 2027 bindet, und die Nuggets wollen unbedingt, dass er ihn erf\u00fcllt. Dieser Kontrakt verbietet dem Litauer, sich nach anderen beruflichen M\u00f6glichkeiten innerhalb oder au\u00dferhalb der NBA umzusehen, da ein Ausstieg nur im beiderseitigen Einvernehmen erfolgen k\u00f6nnte. Wie weit der Big Man die Sache jedoch treiben will, ist unklar.<\/p>\n<p>Denvers Fixierung auf einen Spieler wie Valanciunas mag \u00fcberzogen wirken, aber er k\u00f6nnte nach langer Zeit der erste echte Backup f\u00fcr Nikola Jokic sein. Das Team aus Colorado kommt aus einer Postseason, in der fehlende Tiefe ihnen geschadet hat. Nachdem dieses Manko an anderer Stelle behoben wurde, vertraut man darauf, dass der Litauer Jokic wertvolle Verschnaufpausen geben kann.<\/p>\n<p>Wenn er das nicht tut, gibt es auf dem Markt m\u00f6glicherweise niemanden sonst, der diese Rolle ausf\u00fcllen kann.<\/p>\n<p><em>(Cover photo: Denver Nuggets)<\/em><\/p>\n","protected":false},"excerpt":{"rendered":"<p>Ist die Kontroverse vorbei? Es scheint noch nicht so, doch die Denver Nuggets haben auf jeden Fall einen Schritt in diese Richtung gemacht. Das Team &#8230; <a title=\"Denver besiegelt Valanciunas-Deal trotz Zukunftsstreit\" class=\"read-more\" href=\"https:\/\/www.nbamaniacs.com\/de\/nachrichten\/denver-besiegelt-valanciunas-deal-trotz-zukunftsstreit\/\" aria-label=\"Mehr Informationen \u00fcber Denver besiegelt Valanciunas-Deal trotz Zukunftsstreit\">Mehr lesen<\/a><\/p>\n","protected":false},"author":14497,"featured_media":412762,"comment_status":"closed","ping_status":"","sticky":false,"template":"","format":"standard","meta":{"ub_ctt_via":"","footnotes":""},"categories":[6],"tags":[23,760],"class_list":["post-412763","post","type-post","status-publish","format-standard","has-post-thumbnail","hentry","category-nachrichten","tag-denver-nuggets","tag-jonas-valanciunas","no-featured-image-padding","resize-featured-image"],"featured_image_src":"https:\/\/www.nbamaniacs.com\/de\/wp-content\/uploads\/2025\/07\/valanciunas-erzielt-2-punkte.jpg","author_info":{"display_name":"Niko Jens Schwann","author_link":"https:\/\/www.nbamaniacs.com\/de\/autor\/niko-jens-schwann\/"},"_links":{"self":[{"href":"https:\/\/www.nbamaniacs.com\/de\/wp-json\/wp\/v2\/posts\/412763","targetHints":{"allow":["GET"]}}],"collection":[{"href":"https:\/\/www.nbamaniacs.com\/de\/wp-json\/wp\/v2\/posts"}],"about":[{"href":"https:\/\/www.nbamaniacs.com\/de\/wp-json\/wp\/v2\/types\/post"}],"author":[{"embeddable":true,"href":"https:\/\/www.nbamaniacs.com\/de\/wp-json\/wp\/v2\/users\/14497"}],"replies":[{"embeddable":true,"href":"https:\/\/www.nbamaniacs.com\/de\/wp-json\/wp\/v2\/comments?post=412763"}],"version-history":[{"count":0,"href":"https:\/\/www.nbamaniacs.com\/de\/wp-json\/wp\/v2\/posts\/412763\/revisions"}],"wp:featuredmedia":[{"embeddable":true,"href":"https:\/\/www.nbamaniacs.com\/de\/wp-json\/wp\/v2\/media\/412762"}],"wp:attachment":[{"href":"https:\/\/www.nbamaniacs.com\/de\/wp-json\/wp\/v2\/media?parent=412763"}],"wp:term":[{"taxonomy":"category","embeddable":true,"href":"https:\/\/www.nbamaniacs.com\/de\/wp-json\/wp\/v2\/categories?post=412763"},{"taxonomy":"post_tag","embeddable":true,"href":"https:\/\/www.nbamaniacs.com\/de\/wp-json\/wp\/v2\/tags?post=412763"}],"curies":[{"name":"wp","href":"https:\/\/api.w.org\/{rel}","templated":true}]}}