{"id":412837,"date":"2025-07-19T07:10:31","date_gmt":"2025-07-19T05:10:31","guid":{"rendered":"https:\/\/www.nbamaniacs.com\/de\/nachrichten\/denver-bestaetigt-einigung-mit-valanciunas\/"},"modified":"2025-07-19T07:10:31","modified_gmt":"2025-07-19T05:10:31","slug":"denver-bestaetigt-einigung-mit-valanciunas","status":"publish","type":"post","link":"https:\/\/www.nbamaniacs.com\/de\/nachrichten\/denver-bestaetigt-einigung-mit-valanciunas\/","title":{"rendered":"Denver best\u00e4tigt Einigung mit Valanciunas"},"content":{"rendered":"<p>Fall abgeschlossen. Nach vielen Tagen \u2013 zu vielen \u2013 war Jonas Valanciunas\u2019 Zukunft wegen seines <a href=\"https:\/\/www.nbamaniacs.com\/noticias\/jonas-valanciunas-a-panathinaikos\/\" target=\"_blank\" rel=\"noreferrer noopener\">Wunsches, in diesem Sommer bei Panathinaikos zu unterschreiben<\/a>, ungewiss. Doch nun ist endlich alles gekl\u00e4rt zwischen ihm und den Denver Nuggets, die <a href=\"https:\/\/www.nbamaniacs.com\/rumores-nba\/jonas-valanciunas-llega-a-denver-via-traspaso\/\" target=\"_blank\" rel=\"noreferrer noopener\">einen Trade mit den Sacramento Kings abschlossen, um den litauischen Center zu verpflichten<\/a>.<\/p>\n<p>Obwohl die Verantwortlichen in Colorado stets betonten, dass sie Valanciunas halten wollen, sorgten seine Reise nach Athen und die Annahme, er habe bei dem griechischen Klub unterschrieben, f\u00fcr Zweifel. Es stand nicht nur zur Diskussion, ob er in der Saison 2025\u201326 in der NBA spielen w\u00fcrde, sondern auch, wie seine Einstellung dann aussehen k\u00f6nnte.<\/p>\n<p>Ben Tenzer, Executive Vice President of Basketball Operations der Nuggets, \u00e4u\u00dferte sich zu Valanciunas\u2019 Situation innerhalb der Franchise w\u00e4hrend Cam Johnsons Vorstellung. Der Manager wischte jegliche Sorgen oder Spekulationen rund um Valanciunas beiseite.<\/p>\n<p>\u201eAll unsere Gespr\u00e4che dar\u00fcber, dass er seinen Vertrag erf\u00fcllt und sich auf seine Zeit als Nugget freut, waren positiv. Es gibt \u00fcberhaupt keinen Grund zur Sorge\u201c, erkl\u00e4rte er.<\/p>\n<div style=\"height:30px\" aria-hidden=\"true\" class=\"wp-block-spacer\"><\/div>\n<figure class=\"wp-block-embed is-type-video is-provider-youtube wp-block-embed-youtube wp-embed-aspect-16-9 wp-has-aspect-ratio\">\n<div class=\"wp-block-embed__wrapper\">\n<iframe title=\"Jonas GETS BUSY against the Suns! | 4.13.25\" width=\"1200\" height=\"675\" src=\"https:\/\/www.youtube.com\/embed\/cZq8Q7VJvMA?feature=oembed\" frameborder=\"0\" allow=\"accelerometer; autoplay; clipboard-write; encrypted-media; gyroscope; picture-in-picture; web-share\" referrerpolicy=\"strict-origin-when-cross-origin\" allowfullscreen><\/iframe>\n<\/div>\n<\/figure>\n<div style=\"height:30px\" aria-hidden=\"true\" class=\"wp-block-spacer\"><\/div>\n<p>Da Denver Valanciunas f\u00fcr die kommende Saison best\u00e4tigt hat, stellt sich nun die Frage, wann er sich dem Team von David Adelman anschlie\u00dft. Tenzer betont, dass er voraussichtlich bei der EuroBasket f\u00fcr Litauen spielen wird, und von dort aus werde man weitersehen.<\/p>\n<p>So oder so wirkt er wie eine gro\u00dfartige Verst\u00e4rkung f\u00fcr die Nuggets. Valanciunas kommt von einer Spielzeit, die er zwischen Washington und Sacramento bestritt, in der er in 81 Partien durchschnittlich 10,4 Punkte, 7,7 Rebounds und zwei Assists auflegte.<\/p>\n<h2 class=\"wp-block-heading\">Valanciunas und drei weitere Neuzug\u00e4nge<\/h2>\n<p>Die Aussicht, Valanciunas als Back-up f\u00fcr Nikola Jokic zu haben, klingt bereits vielversprechend. Genauso reizvoll ist die Verpflichtung von Cam Johnson, der im Tausch f\u00fcr Michael Porter Jr. kam \u2013 ein wichtiger Bestandteil des Titelgewinns 2023, der nun nach Brooklyn wechselt. Zudem holte Denver Bruce Brown, ebenfalls Teil der damaligen Championship-Truppe, und Forward Tim Hardaway Jr.<\/p>\n<p><em>(Foto von John Hefti-Imagn Images)<\/em><\/p>\n","protected":false},"excerpt":{"rendered":"<p>Fall abgeschlossen. Nach vielen Tagen \u2013 zu vielen \u2013 war Jonas Valanciunas\u2019 Zukunft wegen seines Wunsches, in diesem Sommer bei Panathinaikos zu unterschreiben, ungewiss. Doch &#8230; <a title=\"Denver best\u00e4tigt Einigung mit Valanciunas\" class=\"read-more\" href=\"https:\/\/www.nbamaniacs.com\/de\/nachrichten\/denver-bestaetigt-einigung-mit-valanciunas\/\" aria-label=\"Mehr Informationen \u00fcber Denver best\u00e4tigt Einigung mit Valanciunas\">Mehr lesen<\/a><\/p>\n","protected":false},"author":14497,"featured_media":412836,"comment_status":"closed","ping_status":"","sticky":false,"template":"","format":"standard","meta":{"ub_ctt_via":"","footnotes":""},"categories":[6],"tags":[23,760,44],"class_list":["post-412837","post","type-post","status-publish","format-standard","has-post-thumbnail","hentry","category-nachrichten","tag-denver-nuggets","tag-jonas-valanciunas","tag-sacramento-kings","no-featured-image-padding","resize-featured-image"],"featured_image_src":"https:\/\/www.nbamaniacs.com\/de\/wp-content\/uploads\/2025\/07\/valanciunas-gl-anzt-am-samstag-dem-19.jpg","author_info":{"display_name":"Niko Jens Schwann","author_link":"https:\/\/www.nbamaniacs.com\/de\/autor\/niko-jens-schwann\/"},"_links":{"self":[{"href":"https:\/\/www.nbamaniacs.com\/de\/wp-json\/wp\/v2\/posts\/412837","targetHints":{"allow":["GET"]}}],"collection":[{"href":"https:\/\/www.nbamaniacs.com\/de\/wp-json\/wp\/v2\/posts"}],"about":[{"href":"https:\/\/www.nbamaniacs.com\/de\/wp-json\/wp\/v2\/types\/post"}],"author":[{"embeddable":true,"href":"https:\/\/www.nbamaniacs.com\/de\/wp-json\/wp\/v2\/users\/14497"}],"replies":[{"embeddable":true,"href":"https:\/\/www.nbamaniacs.com\/de\/wp-json\/wp\/v2\/comments?post=412837"}],"version-history":[{"count":0,"href":"https:\/\/www.nbamaniacs.com\/de\/wp-json\/wp\/v2\/posts\/412837\/revisions"}],"wp:featuredmedia":[{"embeddable":true,"href":"https:\/\/www.nbamaniacs.com\/de\/wp-json\/wp\/v2\/media\/412836"}],"wp:attachment":[{"href":"https:\/\/www.nbamaniacs.com\/de\/wp-json\/wp\/v2\/media?parent=412837"}],"wp:term":[{"taxonomy":"category","embeddable":true,"href":"https:\/\/www.nbamaniacs.com\/de\/wp-json\/wp\/v2\/categories?post=412837"},{"taxonomy":"post_tag","embeddable":true,"href":"https:\/\/www.nbamaniacs.com\/de\/wp-json\/wp\/v2\/tags?post=412837"}],"curies":[{"name":"wp","href":"https:\/\/api.w.org\/{rel}","templated":true}]}}