{"id":412858,"date":"2025-07-16T19:00:00","date_gmt":"2025-07-16T17:00:00","guid":{"rendered":"https:\/\/www.nbamaniacs.com\/de\/nachrichten\/micic-verlaesst-die-nba-historischer-deal-in-europa\/"},"modified":"2025-07-16T19:00:00","modified_gmt":"2025-07-16T17:00:00","slug":"micic-verlaesst-die-nba-historischer-deal-in-europa","status":"publish","type":"post","link":"https:\/\/www.nbamaniacs.com\/de\/nachrichten\/micic-verlaesst-die-nba-historischer-deal-in-europa\/","title":{"rendered":"Micic verl\u00e4sst die NBA: historischer Deal in Europa"},"content":{"rendered":"<p>Vasilije Micics NBA-Auftritt ist vorbei. Der Point Guard, der Europa vor zwei Jahren nach einem alles \u00fcberragenden Triumph verlie\u00df, kehrt in die EuroLeague zur\u00fcck, nachdem er einen historischen Vertrag bei Hapoel Tel Aviv unterzeichnet hat. Micic wird zum bestbezahlten Spieler Europas und verdient in den n\u00e4chsten drei Spielzeiten 14 Millionen Euro. Das sind im Schnitt 4,66 Millionen pro Jahr und platziert ihn knapp \u00fcber Kendrick Nunn mit 4,5 bei Panathinaikos.<\/p>\n<p>Aris Barkas von Eurohoops hat den Vertrag im Detail beleuchtet. Es war ein offenes Geheimnis, dass Micic langfristig wieder nach Europa zur\u00fcckkehren w\u00fcrde, besonders nachdem er die Milwaukee Bucks am 6. Juli zu einem Waiver bewegt hatte. Der Serbe verzichtete auf eine betr\u00e4chtliche Summe, um sich den Weg zur\u00fcck auf den Alten Kontinent zu ebnen.<\/p>\n<div style=\"height:30px\" aria-hidden=\"true\" class=\"wp-block-spacer\"><\/div>\n<figure class=\"wp-block-embed is-type-rich is-provider-twitter wp-block-embed-twitter\">\n<div class=\"wp-block-embed__wrapper\">\n<blockquote class=\"twitter-tweet\" data-width=\"550\" data-dnt=\"true\">\n<p lang=\"en\" dir=\"ltr\">No more rumors \ud83d\uddde\ufe0f <a href=\"https:\/\/t.co\/8S023XUN8K\" target=\"_blank\" rel=\"nofollow\">pic.twitter.com\/8S023XUN8K<\/a><\/p>\n<p>&mdash; Hapoel Tel Aviv BC (@HapoelTLVBC) <a href=\"https:\/\/twitter.com\/HapoelTLVBC\/status\/1945406047629296031?ref_src=twsrc%5Etfw\" target=\"_blank\" rel=\"noopener nofollow\">July 16, 2025<\/a><\/p><\/blockquote>\n<p><script async src=\"https:\/\/platform.twitter.com\/widgets.js\" charset=\"utf-8\"><\/script>\n<\/div>\n<\/figure>\n<div style=\"height:30px\" aria-hidden=\"true\" class=\"wp-block-spacer\"><\/div>\n<p>Micics Zeit in der NBA verlief weitgehend unscheinbar, obwohl er zu Beginn des Jahrzehnts als dominierende Kraft im europ\u00e4ischen Basketball galt. In seiner ersten Saison blieb er blass, weil er in Oklahoma City meist nur von der Bank kam, zeigte jedoch vereinzelt sein K\u00f6nnen nach dem Trade nach Charlotte. In seinem zweiten Jahr fand er nie wirklich Anschluss an das Tempo der Liga und landete schlie\u00dflich in Phoenix als Teil eines Trades.<\/p>\n<p>Jetzt, zur\u00fcck in Europa, entscheidet er sich f\u00fcr ein Projekt, das zwar viel investiert hat, aber nicht die Stabilit\u00e4t jener Top-Klubs mitbringt, die ihn umworben haben\u2014Olympiakos, Real Madrid oder sogar eine R\u00fcckkehr zu Efes\u2026<\/p>\n<p><em>(Titelbild mit freundlicher Genehmigung von Imagn-Images)<\/em><\/p>\n","protected":false},"excerpt":{"rendered":"<p>Vasilije Micics NBA-Auftritt ist vorbei. Der Point Guard, der Europa vor zwei Jahren nach einem alles \u00fcberragenden Triumph verlie\u00df, kehrt in die EuroLeague zur\u00fcck, nachdem &#8230; <a title=\"Micic verl\u00e4sst die NBA: historischer Deal in Europa\" class=\"read-more\" href=\"https:\/\/www.nbamaniacs.com\/de\/nachrichten\/micic-verlaesst-die-nba-historischer-deal-in-europa\/\" aria-label=\"Mehr Informationen \u00fcber Micic verl\u00e4sst die NBA: historischer Deal in Europa\">Mehr lesen<\/a><\/p>\n","protected":false},"author":14497,"featured_media":412857,"comment_status":"closed","ping_status":"","sticky":false,"template":"","format":"standard","meta":{"ub_ctt_via":"","footnotes":""},"categories":[6],"tags":[4775],"class_list":["post-412858","post","type-post","status-publish","format-standard","has-post-thumbnail","hentry","category-nachrichten","tag-vasilije-micic","no-featured-image-padding","resize-featured-image"],"featured_image_src":"https:\/\/www.nbamaniacs.com\/de\/wp-content\/uploads\/2025\/07\/micic-peilt-sein-nba-deb-ut-an.jpg","author_info":{"display_name":"Niko Jens Schwann","author_link":"https:\/\/www.nbamaniacs.com\/de\/autor\/niko-jens-schwann\/"},"_links":{"self":[{"href":"https:\/\/www.nbamaniacs.com\/de\/wp-json\/wp\/v2\/posts\/412858","targetHints":{"allow":["GET"]}}],"collection":[{"href":"https:\/\/www.nbamaniacs.com\/de\/wp-json\/wp\/v2\/posts"}],"about":[{"href":"https:\/\/www.nbamaniacs.com\/de\/wp-json\/wp\/v2\/types\/post"}],"author":[{"embeddable":true,"href":"https:\/\/www.nbamaniacs.com\/de\/wp-json\/wp\/v2\/users\/14497"}],"replies":[{"embeddable":true,"href":"https:\/\/www.nbamaniacs.com\/de\/wp-json\/wp\/v2\/comments?post=412858"}],"version-history":[{"count":0,"href":"https:\/\/www.nbamaniacs.com\/de\/wp-json\/wp\/v2\/posts\/412858\/revisions"}],"wp:featuredmedia":[{"embeddable":true,"href":"https:\/\/www.nbamaniacs.com\/de\/wp-json\/wp\/v2\/media\/412857"}],"wp:attachment":[{"href":"https:\/\/www.nbamaniacs.com\/de\/wp-json\/wp\/v2\/media?parent=412858"}],"wp:term":[{"taxonomy":"category","embeddable":true,"href":"https:\/\/www.nbamaniacs.com\/de\/wp-json\/wp\/v2\/categories?post=412858"},{"taxonomy":"post_tag","embeddable":true,"href":"https:\/\/www.nbamaniacs.com\/de\/wp-json\/wp\/v2\/tags?post=412858"}],"curies":[{"name":"wp","href":"https:\/\/api.w.org\/{rel}","templated":true}]}}