{"id":412864,"date":"2025-07-16T13:05:43","date_gmt":"2025-07-16T11:05:43","guid":{"rendered":"https:\/\/www.nbamaniacs.com\/de\/nachrichten\/nuggets-schonen-jokic-oefter-in-der-regulaeren-saison\/"},"modified":"2025-07-16T13:05:43","modified_gmt":"2025-07-16T11:05:43","slug":"nuggets-schonen-jokic-oefter-in-der-regulaeren-saison","status":"publish","type":"post","link":"https:\/\/www.nbamaniacs.com\/de\/nachrichten\/nuggets-schonen-jokic-oefter-in-der-regulaeren-saison\/","title":{"rendered":"Nuggets schonen Jokic \u00f6fter in der regul\u00e4ren Saison"},"content":{"rendered":"<p>In der Saison 24\u201325 stand Nikola Jokic mit 36,7 minutes per game in der NBA an f\u00fcnfter Stelle. Doch es sieht so aus, als werde er in der n\u00e4chsten Saison deutlich weniger auf dem Feld stehen. Das Team aus Colorado ist \u00fcberzeugt, dass es seinen Star mit Blick auf die Playoffs st\u00e4rker schonen muss. Deshalb will man, wie David Adelman best\u00e4tigte, Jokics Einsatzzeit reduzieren.<\/p>\n<p>\u201eDas Wichtigste f\u00fcr die n\u00e4chste Saison ist, dass wir gut auf ihn aufpassen und sicherstellen, dass er in den Playoffs sein Bestes geben kann. Darauf liegt unser Fokus. Wir m\u00fcssen uns dar\u00fcber austauschen, um es richtig zu machen, aber genau das werden wir tun.\u201c<\/p>\n<p>In diesem Zusammenhang wirkt die Verpflichtung von <a href=\"https:\/\/www.nbamaniacs.com\/noticias\/denver-oficial-valanciunas-polemica\/\" target=\"_blank\" rel=\"noreferrer noopener\">Jonas Valanciunas<\/a> entscheidend, denn Jokic hatte selten einen verl\u00e4sslichen Backup, der ihm l\u00e4ngere Pausen erm\u00f6glichte. Obwohl der Litauer ge\u00e4u\u00dfert hat, er wolle nach Europa zur\u00fcckkehren, erwartet die Franchise, dass er den Vertrag erf\u00fcllt, den er letzten Sommer unterschrieben hat. Adelman sprach \u00fcber ihn, als w\u00e4re es sicher, dass er im Kader steht.<\/p>\n<p>\u201eEr hat gezeigt, dass er ein Center ist, den man an vielen Stellen einsetzen kann. Er ist jemand, \u00fcber den man die Offense laufen lassen kann. Er wird sich nicht den Rebound schnappen und selbst nach vorn bringen, aber ich glaube, er passt zu vielem, was wir bereits machen: five out und handoffs, Aktionen von der Top of the Key, Posten gegen kleinere Lineups \u2026 Ich mache mir keine Sorgen um Assist-Numbers, sondern nur um seine F\u00e4higkeit, den Ball in Bewegung zu bringen. Er ist eine hervorragende Verst\u00e4rkung.\u201c<\/p>\n<h2 class=\"wp-block-heading\">Ein gewaltiger Unterschied<\/h2>\n<p>Mit dieser Neuverpflichtung wollen die Nuggets ein wiederkehrendes Problem l\u00f6sen: Sie brechen drastisch ein, sobald Jokic auf der Bank sitzt. Genau deswegen kommt er auf so viele Minuten \u2013 ohne ihn k\u00f6nnen sie kaum mithalten. Wollen sie ihn unter 37 Minuten pro Partie halten, m\u00fcssen sie zuerst in den 11 Minuten, die er nicht auf dem Parkett steht, konkurrenzf\u00e4hig sein.<\/p>\n<p>In den letzten f\u00fcnf Spielzeiten hat Jokic die f\u00fcnf h\u00f6chsten Box Plus\/Minus-Werte der vergangenen 15 Jahre geliefert. Im gesamten 21. Jahrhundert dringt nur eine Saison von LeBron James w\u00e4hrend seiner ersten Cleveland-Phase (2008\u201329) in diese Liste vor. Diese Zahlen lassen kaum einen Zweifel: Mit ihm sind sie \u00fcberragend, ohne ihn liegen sie unter dem Durchschnitt.<\/p>\n<p>Und das muss sich \u00e4ndern.<\/p>\n<p>(Cover photo: Alonzo Adams-Imagn Images)<\/p>\n","protected":false},"excerpt":{"rendered":"<p>In der Saison 24\u201325 stand Nikola Jokic mit 36,7 minutes per game in der NBA an f\u00fcnfter Stelle. Doch es sieht so aus, als werde &#8230; <a title=\"Nuggets schonen Jokic \u00f6fter in der regul\u00e4ren Saison\" class=\"read-more\" href=\"https:\/\/www.nbamaniacs.com\/de\/nachrichten\/nuggets-schonen-jokic-oefter-in-der-regulaeren-saison\/\" aria-label=\"Mehr Informationen \u00fcber Nuggets schonen Jokic \u00f6fter in der regul\u00e4ren Saison\">Mehr lesen<\/a><\/p>\n","protected":false},"author":14497,"featured_media":412863,"comment_status":"closed","ping_status":"","sticky":false,"template":"","format":"standard","meta":{"ub_ctt_via":"","footnotes":""},"categories":[6],"tags":[5367,23,760,2804],"class_list":["post-412864","post","type-post","status-publish","format-standard","has-post-thumbnail","hentry","category-nachrichten","tag-david-adelman","tag-denver-nuggets","tag-jonas-valanciunas","tag-nikola-jokic","no-featured-image-padding","resize-featured-image"],"featured_image_src":"https:\/\/www.nbamaniacs.com\/de\/wp-content\/uploads\/2025\/07\/nikola-jokic-gl-anzt-in-denver.jpg","author_info":{"display_name":"Niko Jens Schwann","author_link":"https:\/\/www.nbamaniacs.com\/de\/autor\/niko-jens-schwann\/"},"_links":{"self":[{"href":"https:\/\/www.nbamaniacs.com\/de\/wp-json\/wp\/v2\/posts\/412864","targetHints":{"allow":["GET"]}}],"collection":[{"href":"https:\/\/www.nbamaniacs.com\/de\/wp-json\/wp\/v2\/posts"}],"about":[{"href":"https:\/\/www.nbamaniacs.com\/de\/wp-json\/wp\/v2\/types\/post"}],"author":[{"embeddable":true,"href":"https:\/\/www.nbamaniacs.com\/de\/wp-json\/wp\/v2\/users\/14497"}],"replies":[{"embeddable":true,"href":"https:\/\/www.nbamaniacs.com\/de\/wp-json\/wp\/v2\/comments?post=412864"}],"version-history":[{"count":0,"href":"https:\/\/www.nbamaniacs.com\/de\/wp-json\/wp\/v2\/posts\/412864\/revisions"}],"wp:featuredmedia":[{"embeddable":true,"href":"https:\/\/www.nbamaniacs.com\/de\/wp-json\/wp\/v2\/media\/412863"}],"wp:attachment":[{"href":"https:\/\/www.nbamaniacs.com\/de\/wp-json\/wp\/v2\/media?parent=412864"}],"wp:term":[{"taxonomy":"category","embeddable":true,"href":"https:\/\/www.nbamaniacs.com\/de\/wp-json\/wp\/v2\/categories?post=412864"},{"taxonomy":"post_tag","embeddable":true,"href":"https:\/\/www.nbamaniacs.com\/de\/wp-json\/wp\/v2\/tags?post=412864"}],"curies":[{"name":"wp","href":"https:\/\/api.w.org\/{rel}","templated":true}]}}