{"id":412894,"date":"2025-07-21T18:53:41","date_gmt":"2025-07-21T16:53:41","guid":{"rendered":"https:\/\/www.nbamaniacs.com\/de\/nachrichten\/valanciunas-bekennt-sich-voll-zu-den-nuggets\/"},"modified":"2025-07-21T18:53:41","modified_gmt":"2025-07-21T16:53:41","slug":"valanciunas-bekennt-sich-voll-zu-den-nuggets","status":"publish","type":"post","link":"https:\/\/www.nbamaniacs.com\/de\/nachrichten\/valanciunas-bekennt-sich-voll-zu-den-nuggets\/","title":{"rendered":"Valanciunas bekennt sich voll zu den Nuggets"},"content":{"rendered":"<p>Sein Trade war bereits offiziell, die Denver Nuggets <a href=\"https:\/\/www.nbamaniacs.com\/noticias\/denver-entendimiento-con-valanciunas\/\" target=\"_blank\" rel=\"noreferrer noopener\">hatten sich dazu ge\u00e4u\u00dfert<\/a>, und nun hat der Spieler es selbst best\u00e4tigt. Jonas Valanciunas sagte Donatas Urbonas, einem der angesehensten Basketballreporter Europas, dass er den Denver Nuggets voll und ganz verpflichtet ist. Der Center, der noch in Europa Urlaub macht, w\u00e4hlte eine vertrauensw\u00fcrdige Quelle, um alle Zweifel aus dem Weg zu r\u00e4umen.<\/p>\n<p>\u201eIch m\u00f6chte jetzt Klarheit schaffen, nachdem Denver sich entschieden hat, mich zu behalten. Ich bin fest entschlossen, meinen Vertrag bei den Nuggets in dieser Saison zu erf\u00fcllen, und werde alles geben, um um die Championship zu k\u00e4mpfen\u201c, <a href=\"https:\/\/x.com\/Urbodo\/status\/1947315600931373150\" target=\"_blank\" rel=\"noreferrer noopener nofollow\">erkl\u00e4rt er<\/a> im Interview. \u201eIch werde Jokic 7 bis 12 Minuten Pause erm\u00f6glichen\u201c, witzelte er.<\/p>\n<figure class=\"wp-block-embed is-type-rich is-provider-twitter wp-block-embed-twitter\">\n<div class=\"wp-block-embed__wrapper\">\n<blockquote class=\"twitter-tweet\" data-width=\"550\" data-dnt=\"true\">\n<p lang=\"en\" dir=\"ltr\">Jonas Valanciunas spoke with me to clear the air on the Nuggets and Panathinaikos situation:<\/p>\n<p>&#8222;Jonas Valanciunas hat mit mir gesprochen, um die Situation rund um die Nuggets und Panathinaikos zu kl\u00e4ren:<\/p>\n<p>\u201eIch m\u00f6chte Klarheit \u00fcber meine Einsatzsituation in der kommenden Saison schaffen, jetzt, wo Denver sich entschieden hat, mich zu behalten. Die Vorstellung, f\u00fcr Panathinaikos zu spielen, n\u00e4her an meiner Heimat, war sehr\u2026\u201c<\/p>\n<p>&mdash; Donatas Urbonas (@Urbodo) <a href=\"https:\/\/twitter.com\/Urbodo\/status\/1947315600931373150?ref_src=twsrc%5Etfw\" target=\"_blank\" rel=\"noopener nofollow\">July 21, 2025<\/a><\/p><\/blockquote>\n<p><script async src=\"https:\/\/platform.twitter.com\/widgets.js\" charset=\"utf-8\"><\/script>\n<\/div>\n<\/figure>\n<p>Die Turbulenzen um seinen m\u00f6glichen Wechsel zu Panathinaikos \u2013 weit mehr als ein blo\u00dfes Ger\u00fccht \u2013 haben sich gelegt. \u201eDie Vorstellung, f\u00fcr Panathinaikos zu spielen, n\u00e4her an meiner Heimat, war sehr aufregend f\u00fcr mich. Aber das muss warten.\u201c<\/p>\n<p>Angeblich hat Denver zugestimmt, die letzten zwei Jahre des Vertrags des litauischen Centers zu garantieren. Das zweite Jahr war nicht vollst\u00e4ndig zugesichert, weil er den Kontrakt urspr\u00fcnglich bei den Washington Wizards unterschrieben hatte.<\/p>\n<p><em>(Cover photo by Mark J. Rebilas-Imagn Images)<\/em><\/p>\n","protected":false},"excerpt":{"rendered":"<p>Sein Trade war bereits offiziell, die Denver Nuggets hatten sich dazu ge\u00e4u\u00dfert, und nun hat der Spieler es selbst best\u00e4tigt. Jonas Valanciunas sagte Donatas Urbonas, &#8230; <a title=\"Valanciunas bekennt sich voll zu den Nuggets\" class=\"read-more\" href=\"https:\/\/www.nbamaniacs.com\/de\/nachrichten\/valanciunas-bekennt-sich-voll-zu-den-nuggets\/\" aria-label=\"Mehr Informationen \u00fcber Valanciunas bekennt sich voll zu den Nuggets\">Mehr lesen<\/a><\/p>\n","protected":false},"author":14497,"featured_media":412893,"comment_status":"closed","ping_status":"","sticky":false,"template":"","format":"standard","meta":{"ub_ctt_via":"","footnotes":""},"categories":[6],"tags":[23,760],"class_list":["post-412894","post","type-post","status-publish","format-standard","has-post-thumbnail","hentry","category-nachrichten","tag-denver-nuggets","tag-jonas-valanciunas","no-featured-image-padding","resize-featured-image"],"featured_image_src":"https:\/\/www.nbamaniacs.com\/de\/wp-content\/uploads\/2025\/07\/jonas-gl-anzt-auf-dem-court.jpg","author_info":{"display_name":"Niko Jens Schwann","author_link":"https:\/\/www.nbamaniacs.com\/de\/autor\/niko-jens-schwann\/"},"_links":{"self":[{"href":"https:\/\/www.nbamaniacs.com\/de\/wp-json\/wp\/v2\/posts\/412894","targetHints":{"allow":["GET"]}}],"collection":[{"href":"https:\/\/www.nbamaniacs.com\/de\/wp-json\/wp\/v2\/posts"}],"about":[{"href":"https:\/\/www.nbamaniacs.com\/de\/wp-json\/wp\/v2\/types\/post"}],"author":[{"embeddable":true,"href":"https:\/\/www.nbamaniacs.com\/de\/wp-json\/wp\/v2\/users\/14497"}],"replies":[{"embeddable":true,"href":"https:\/\/www.nbamaniacs.com\/de\/wp-json\/wp\/v2\/comments?post=412894"}],"version-history":[{"count":0,"href":"https:\/\/www.nbamaniacs.com\/de\/wp-json\/wp\/v2\/posts\/412894\/revisions"}],"wp:featuredmedia":[{"embeddable":true,"href":"https:\/\/www.nbamaniacs.com\/de\/wp-json\/wp\/v2\/media\/412893"}],"wp:attachment":[{"href":"https:\/\/www.nbamaniacs.com\/de\/wp-json\/wp\/v2\/media?parent=412894"}],"wp:term":[{"taxonomy":"category","embeddable":true,"href":"https:\/\/www.nbamaniacs.com\/de\/wp-json\/wp\/v2\/categories?post=412894"},{"taxonomy":"post_tag","embeddable":true,"href":"https:\/\/www.nbamaniacs.com\/de\/wp-json\/wp\/v2\/tags?post=412894"}],"curies":[{"name":"wp","href":"https:\/\/api.w.org\/{rel}","templated":true}]}}