{"id":413219,"date":"2025-08-12T11:00:54","date_gmt":"2025-08-12T09:00:54","guid":{"rendered":"https:\/\/www.nbamaniacs.com\/de\/nachrichten\/matas-buzelis-entschlossen-die-bulls-zu-fuehren\/"},"modified":"2025-08-12T11:00:54","modified_gmt":"2025-08-12T09:00:54","slug":"matas-buzelis-entschlossen-die-bulls-zu-fuehren","status":"publish","type":"post","link":"https:\/\/www.nbamaniacs.com\/de\/nachrichten\/matas-buzelis-entschlossen-die-bulls-zu-fuehren\/","title":{"rendered":"Matas Buzelis: entschlossen, die Bulls zu f\u00fchren"},"content":{"rendered":"<p>W\u00e4hrend in Chicago die Zweifel an der Zukunft von Spitzentalenten wie Coby White und Josh Giddey zunehmen, hat sich ein anderer Spieler still und leise in Position gebracht, um nicht nur zu gl\u00e4nzen, sondern auch der Anf\u00fchrer des neuen Projekts der Bulls zu werden. Ja, es geht um Matas Buzelis, der seit Monaten fest entschlossen ist, die Kontrolle \u00fcber das Team zu \u00fcbernehmen.<\/p>\n<p>Mit dem gemeinsamen Ziel der Organisation in Illinois nahm der 20-j\u00e4hrige Forward an der Draft Lottery teil und ist seit Monaten eine Schl\u00fcsselkomponente in allen Pl\u00e4nen des Teams. Erst vor wenigen Tagen stand er sogar als Model vor der Kamera, um das gestreifte Trikot aus der Michael-Jordan-\u00c4ra zu pr\u00e4sentieren, das die Mannschaft in der kommenden Saison tragen wird. Solche Details zeigen, dass man im United Center etwas Besonderes in ihm sieht.<\/p>\n<p>\u201eEr hat enormes Potenzial. Er versenkt Dreier, blockt W\u00fcrfe, l\u00e4uft den Fastbreak und dunkt \u2026 Er ist athletisch, kann den Ball auf dem Boden f\u00fchren und M\u00f6glichkeiten f\u00fcr andere schaffen. Wir haben dieses Jahr viel davon gesehen\u201c, sagte Executive Vice President of Basketball Operations Arturas Karnisovas vor ein paar Monaten.<\/p>\n<div style=\"height:30px\" aria-hidden=\"true\" class=\"wp-block-spacer\"><\/div>\n<figure class=\"wp-block-embed is-type-video is-provider-youtube wp-block-embed-youtube wp-embed-aspect-16-9 wp-has-aspect-ratio\">\n<div class=\"wp-block-embed__wrapper\">\n<iframe title=\"Matas&#039; athleticism pops in slow-mo \ud83d\udc40 Matas Buzelis: Art of the Game | Chicago Bulls Highlights\" width=\"1200\" height=\"675\" src=\"https:\/\/www.youtube.com\/embed\/pjJUsaLDE3c?feature=oembed\" frameborder=\"0\" allow=\"accelerometer; autoplay; clipboard-write; encrypted-media; gyroscope; picture-in-picture; web-share\" referrerpolicy=\"strict-origin-when-cross-origin\" allowfullscreen><\/iframe>\n<\/div>\n<\/figure>\n<div style=\"height:30px\" aria-hidden=\"true\" class=\"wp-block-spacer\"><\/div>\n<p>In Wirklichkeit hat Chicago neben seinem gro\u00dfen Talent auch Buzelis\u2019 Arbeitseinstellung sch\u00e4tzen gelernt. Laut Joe Cowley von <em>Chicago Sun Times<\/em> sehen die Bulls in ihm einen fokussierten Spieler mit den Qualit\u00e4ten, die es braucht, um wirklich gut zu sein. Es hilft, dass er direkt nach dem Ende der vergangenen Saison mit dem Training begann und sogar an den freiwilligen Trainingslagern im Mai in Los Angeles teilnahm. Und falls das noch nicht genug Optimismus weckt: Bei den Partien in der Las Vegas Summer League kam er auf durchschnittlich 22,5 Punkte und 5 Rebounds.<\/p>\n<h2 class=\"wp-block-heading\">Spektakul\u00e4re Entwicklung von Matas Buzelis<\/h2>\n<p>\u201eEr will gro\u00dfartig sein.\u201c So beschrieb ihn k\u00fcrzlich sein Teamkollege Ayo Dosunmu, und die Zahlen untermauern das. Obwohl er zu Beginn seiner Rookie-Saison nur selten auf dem Parkett stand, wusste Head Coach Billy Donovan Buzelis\u2019 unerm\u00fcdliche Arbeit schnell zu sch\u00e4tzen und gab ihm schlie\u00dflich im Februar einen Platz in der Starting Five. Der Forward bl\u00fchte unter diesem Druck auf und beendete die Spielzeit mit 12 herausragenden Auftritten, in denen er im Schnitt 15,8 Punkte, 5,5 Rebounds und 1,4 Blocks verbuchte. Dabei traf er 53,2 % aus dem Feld und 50 % von jenseits der Dreierlinie.<\/p>\n<p>Buzelis hat einen Plan \u2013 und der sieht vor, keinen Tropfen Schwei\u00df zu sparen, um der bestm\u00f6gliche Spieler zu werden. \u201eEr will trainiert werden, er will hart trainiert werden, und er will sich daf\u00fcr auch verantworten\u201c, betont Karnisovas.<\/p>\n<p><em>(Photo by Kyle Ross-Imagn Images)<\/em><\/p>\n","protected":false},"excerpt":{"rendered":"<p>W\u00e4hrend in Chicago die Zweifel an der Zukunft von Spitzentalenten wie Coby White und Josh Giddey zunehmen, hat sich ein anderer Spieler still und leise &#8230; <a title=\"Matas Buzelis: entschlossen, die Bulls zu f\u00fchren\" class=\"read-more\" href=\"https:\/\/www.nbamaniacs.com\/de\/nachrichten\/matas-buzelis-entschlossen-die-bulls-zu-fuehren\/\" aria-label=\"Mehr Informationen \u00fcber Matas Buzelis: entschlossen, die Bulls zu f\u00fchren\">Mehr lesen<\/a><\/p>\n","protected":false},"author":14497,"featured_media":413218,"comment_status":"closed","ping_status":"","sticky":false,"template":"","format":"standard","meta":{"ub_ctt_via":"","footnotes":""},"categories":[6],"tags":[18,5207],"class_list":["post-413219","post","type-post","status-publish","format-standard","has-post-thumbnail","hentry","category-nachrichten","tag-chicago-bulls","tag-matas-buzelis","no-featured-image-padding","resize-featured-image"],"featured_image_src":"https:\/\/www.nbamaniacs.com\/de\/wp-content\/uploads\/2025\/08\/matas-buzelis-gl-anzt-am-12-m-arz.jpg","author_info":{"display_name":"Niko Jens Schwann","author_link":"https:\/\/www.nbamaniacs.com\/de\/autor\/niko-jens-schwann\/"},"_links":{"self":[{"href":"https:\/\/www.nbamaniacs.com\/de\/wp-json\/wp\/v2\/posts\/413219","targetHints":{"allow":["GET"]}}],"collection":[{"href":"https:\/\/www.nbamaniacs.com\/de\/wp-json\/wp\/v2\/posts"}],"about":[{"href":"https:\/\/www.nbamaniacs.com\/de\/wp-json\/wp\/v2\/types\/post"}],"author":[{"embeddable":true,"href":"https:\/\/www.nbamaniacs.com\/de\/wp-json\/wp\/v2\/users\/14497"}],"replies":[{"embeddable":true,"href":"https:\/\/www.nbamaniacs.com\/de\/wp-json\/wp\/v2\/comments?post=413219"}],"version-history":[{"count":0,"href":"https:\/\/www.nbamaniacs.com\/de\/wp-json\/wp\/v2\/posts\/413219\/revisions"}],"wp:featuredmedia":[{"embeddable":true,"href":"https:\/\/www.nbamaniacs.com\/de\/wp-json\/wp\/v2\/media\/413218"}],"wp:attachment":[{"href":"https:\/\/www.nbamaniacs.com\/de\/wp-json\/wp\/v2\/media?parent=413219"}],"wp:term":[{"taxonomy":"category","embeddable":true,"href":"https:\/\/www.nbamaniacs.com\/de\/wp-json\/wp\/v2\/categories?post=413219"},{"taxonomy":"post_tag","embeddable":true,"href":"https:\/\/www.nbamaniacs.com\/de\/wp-json\/wp\/v2\/tags?post=413219"}],"curies":[{"name":"wp","href":"https:\/\/api.w.org\/{rel}","templated":true}]}}