{"id":413231,"date":"2025-08-13T11:00:00","date_gmt":"2025-08-13T09:00:00","guid":{"rendered":"https:\/\/www.nbamaniacs.com\/de\/nachrichten\/al-horford-blickt-in-ungewisse-zukunft\/"},"modified":"2025-08-13T11:00:00","modified_gmt":"2025-08-13T09:00:00","slug":"al-horford-blickt-in-ungewisse-zukunft","status":"publish","type":"post","link":"https:\/\/www.nbamaniacs.com\/de\/nachrichten\/al-horford-blickt-in-ungewisse-zukunft\/","title":{"rendered":"Al Horford blickt in ungewisse Zukunft"},"content":{"rendered":"<p>Die Fragen zu Al Horfords Zukunft sind weiter ungekl\u00e4rt. Obwohl allgemein angenommen wird, dass der Center <a href=\"https:\/\/www.nbamaniacs.com\/noticias\/brad-stevens-da-casi-por-perdido-a-al-horford\/\" target=\"_blank\" rel=\"noreferrer noopener\">won\u2019t continue with the Boston Celtics<\/a>, ist sein n\u00e4chster Schritt nicht v\u00f6llig klar. Anthony Slater von ESPN betont, dass es noch keine Entscheidung gibt. Dennoch scheint er zwei Optionen zu haben: die Karriere beenden oder bei den Golden State Warriors unterschreiben.<\/p>\n<p>Diese zweite M\u00f6glichkeit, seit Beginn der Free Agency bereits hei\u00df diskutiert, gilt f\u00fcr viele als wahrscheinlich. Slater berichtet sogar, dass man in San Francisco fest davon ausgeht, den dominikanischen Center kommende Saison im Kader zu sehen. Doch Al Horford wird 39, und der Gedanke ans Aufh\u00f6ren ist nicht vom Tisch. Er hat das Karriereende noch nicht vollst\u00e4ndig ausgeschlossen.<\/p>\n<p>Vorerst will er jedoch abwarten, w\u00e4hrend die Warriors ihre Probleme l\u00f6sen \u2013 vor allem in Bezug auf Kuminga \u2013, bevor sie neue Erg\u00e4nzungen zum Kader angehen. Horford w\u00e4re zweifellos die bedeutendste Verst\u00e4rkung.<\/p>\n<p>Unter Steve Kerr w\u00fcrde der Center wohl perfekt reinpassen und Draymond Green als Small-Ball-Five in der Regular Season entlasten, ein zentrales Ziel des Teams f\u00fcr das kommende Jahr. Zwar w\u00fcrde er nicht in Back-to-Backs antreten, k\u00f6nnte aber eine tragende Rolle \u00fcbernehmen \u2013 ob als Starter oder um Spiele f\u00fcr Golden State zu schlie\u00dfen. Ein verlockendes Szenario, das ihn dazu bringen k\u00f6nnte, seine Karriere doch noch um eine weitere Saison zu verl\u00e4ngern.<\/p>\n<p><em>(Cover photo: Eric Canha-Imagn Images)<\/em><\/p>\n","protected":false},"excerpt":{"rendered":"<p>Die Fragen zu Al Horfords Zukunft sind weiter ungekl\u00e4rt. Obwohl allgemein angenommen wird, dass der Center won\u2019t continue with the Boston Celtics, ist sein n\u00e4chster &#8230; <a title=\"Al Horford blickt in ungewisse Zukunft\" class=\"read-more\" href=\"https:\/\/www.nbamaniacs.com\/de\/nachrichten\/al-horford-blickt-in-ungewisse-zukunft\/\" aria-label=\"Mehr Informationen \u00fcber Al Horford blickt in ungewisse Zukunft\">Mehr lesen<\/a><\/p>\n","protected":false},"author":14497,"featured_media":413230,"comment_status":"closed","ping_status":"","sticky":false,"template":"","format":"standard","meta":{"ub_ctt_via":"","footnotes":""},"categories":[6],"tags":[310,26],"class_list":["post-413231","post","type-post","status-publish","format-standard","has-post-thumbnail","hentry","category-nachrichten","tag-al-horford","tag-golden-state-warriors","no-featured-image-padding","resize-featured-image"],"featured_image_src":"https:\/\/www.nbamaniacs.com\/de\/wp-content\/uploads\/2025\/08\/al-horford-f-uhrt-celtics-zum-sieg.jpg","author_info":{"display_name":"Niko Jens Schwann","author_link":"https:\/\/www.nbamaniacs.com\/de\/autor\/niko-jens-schwann\/"},"_links":{"self":[{"href":"https:\/\/www.nbamaniacs.com\/de\/wp-json\/wp\/v2\/posts\/413231","targetHints":{"allow":["GET"]}}],"collection":[{"href":"https:\/\/www.nbamaniacs.com\/de\/wp-json\/wp\/v2\/posts"}],"about":[{"href":"https:\/\/www.nbamaniacs.com\/de\/wp-json\/wp\/v2\/types\/post"}],"author":[{"embeddable":true,"href":"https:\/\/www.nbamaniacs.com\/de\/wp-json\/wp\/v2\/users\/14497"}],"replies":[{"embeddable":true,"href":"https:\/\/www.nbamaniacs.com\/de\/wp-json\/wp\/v2\/comments?post=413231"}],"version-history":[{"count":0,"href":"https:\/\/www.nbamaniacs.com\/de\/wp-json\/wp\/v2\/posts\/413231\/revisions"}],"wp:featuredmedia":[{"embeddable":true,"href":"https:\/\/www.nbamaniacs.com\/de\/wp-json\/wp\/v2\/media\/413230"}],"wp:attachment":[{"href":"https:\/\/www.nbamaniacs.com\/de\/wp-json\/wp\/v2\/media?parent=413231"}],"wp:term":[{"taxonomy":"category","embeddable":true,"href":"https:\/\/www.nbamaniacs.com\/de\/wp-json\/wp\/v2\/categories?post=413231"},{"taxonomy":"post_tag","embeddable":true,"href":"https:\/\/www.nbamaniacs.com\/de\/wp-json\/wp\/v2\/tags?post=413231"}],"curies":[{"name":"wp","href":"https:\/\/api.w.org\/{rel}","templated":true}]}}