{"id":413339,"date":"2025-08-21T11:00:00","date_gmt":"2025-08-21T09:00:00","guid":{"rendered":"https:\/\/www.nbamaniacs.com\/de\/nachrichten\/nowitzki-verteidigt-dallas-im-doncic-trade\/"},"modified":"2025-08-21T11:00:00","modified_gmt":"2025-08-21T09:00:00","slug":"nowitzki-verteidigt-dallas-im-doncic-trade","status":"publish","type":"post","link":"https:\/\/www.nbamaniacs.com\/de\/nachrichten\/nowitzki-verteidigt-dallas-im-doncic-trade\/","title":{"rendered":"Nowitzki verteidigt Dallas im Doncic-Trade"},"content":{"rendered":"<p>Das Erdbeben, das durch den <a href=\"https:\/\/www.nbamaniacs.com\/rumores-nba\/luka-doncic-jugara-en-los-lakers\/\" target=\"_blank\" rel=\"noreferrer noopener\">Trade sending Luka Doncic to the Los Angeles Lakers<\/a> ausgel\u00f6st wurde, hat immer noch Nachbeben in Form von Meinungen \u2013 und nicht von irgendwem, sondern von gewichtigen Stimmen wie Dirk Nowitzki. Der Deutsche, die unangefochtene Legende der Dallas Mavericks, sprach mit seinem ehemaligen Teamkollegen in Texas, Steve Nash. Dabei erinnerte er sich daran, wie er erstmals von der Nachricht erfuhr, und bekr\u00e4ftigte seine Unterst\u00fctzung f\u00fcr die Organisation.<\/p>\n<p>\u201eNiemand wusste davon, niemand hat es kommen sehen. Das waren nicht nur Basketball-News. Es war eine globale Schlagzeile. Ich war fassungslos \u00fcber die Wucht dieser Meldung. Und ja, ich denke, es war eine wirklich sehr harte Entscheidung f\u00fcr das Team\u201c, betont er. Er weist darauf hin, dass das Front Office nun mal Entscheidungen treffen muss und dass es ihnen auch nicht leichtfiel.<\/p>\n<p>Nowitzki ist sicher, dass seine eigene Lage alles andere als ideal ist. Fr\u00fcher setzte er sich f\u00fcr eine einzige Sache ein, mit Doncic und den Mavs als Einheit. Jetzt muss er seine Unterst\u00fctzung auf zwei Seiten aufteilen.<\/p>\n<p>\u201eNat\u00fcrlich will ich Luka unterst\u00fctzen, aber ich bin auch ein Maverick f\u00fcrs Leben. Das war eine schwierige Entscheidung f\u00fcr mich, aber nat\u00fcrlich m\u00f6chte ich beide weiter unterst\u00fctzen. Ich w\u00fcnsche Luka in Los Angeles alles Gute und glaube, dass er dort eine gro\u00dfartige Karriere haben wird. Im Moment gehen beide Seiten voran, und ich hoffe, dass es f\u00fcr sie gut l\u00e4uft\u201c, sagt er.<\/p>\n<div style=\"height:30px\" aria-hidden=\"true\" class=\"wp-block-spacer\"><\/div>\n<figure class=\"wp-block-embed is-type-video is-provider-youtube wp-block-embed-youtube wp-embed-aspect-16-9 wp-has-aspect-ratio\">\n<div class=\"wp-block-embed__wrapper\">\n<iframe title=\"Let&#039;s Talk | Nash, Nowitzki y el RCD Mallorca\" width=\"1200\" height=\"675\" src=\"https:\/\/www.youtube.com\/embed\/dfxx4cnFbp0?feature=oembed\" frameborder=\"0\" allow=\"accelerometer; autoplay; clipboard-write; encrypted-media; gyroscope; picture-in-picture; web-share\" referrerpolicy=\"strict-origin-when-cross-origin\" allowfullscreen><\/iframe>\n<\/div>\n<\/figure>\n<div style=\"height:30px\" aria-hidden=\"true\" class=\"wp-block-spacer\"><\/div>\n<p>Abschlie\u00dfend sieht Nowitzki in dem, was mit Doncic geschehen ist, ein klares Beispiel daf\u00fcr, wie unvorhersehbar die NBA selbst f\u00fcr ihre gr\u00f6\u00dften Stars sein kann. \u201eIn dieser Liga gibt es immer Entwicklungen, die alle verbl\u00fcffen. Genau das macht sie so spannend\u201c, fasst er zusammen.<\/p>\n<p><em>(Foto von Mark J. Rebilas-Imagn Images)<\/em><\/p>\n","protected":false},"excerpt":{"rendered":"<p>Das Erdbeben, das durch den Trade sending Luka Doncic to the Los Angeles Lakers ausgel\u00f6st wurde, hat immer noch Nachbeben in Form von Meinungen \u2013 &#8230; <a title=\"Nowitzki verteidigt Dallas im Doncic-Trade\" class=\"read-more\" href=\"https:\/\/www.nbamaniacs.com\/de\/nachrichten\/nowitzki-verteidigt-dallas-im-doncic-trade\/\" aria-label=\"Mehr Informationen \u00fcber Nowitzki verteidigt Dallas im Doncic-Trade\">Mehr lesen<\/a><\/p>\n","protected":false},"author":14497,"featured_media":413338,"comment_status":"closed","ping_status":"","sticky":false,"template":"","format":"standard","meta":{"ub_ctt_via":"","footnotes":""},"categories":[6],"tags":[21,15,3561],"class_list":["post-413339","post","type-post","status-publish","format-standard","has-post-thumbnail","hentry","category-nachrichten","tag-dallas-mavericks","tag-dirk-nowitzki","tag-luka-doncic","no-featured-image-padding","resize-featured-image"],"featured_image_src":"https:\/\/www.nbamaniacs.com\/de\/wp-content\/uploads\/2025\/08\/nowitzki-und-doncic-liefern-sich-ein-duell-am-21-juni.jpg","author_info":{"display_name":"Niko Jens Schwann","author_link":"https:\/\/www.nbamaniacs.com\/de\/autor\/niko-jens-schwann\/"},"_links":{"self":[{"href":"https:\/\/www.nbamaniacs.com\/de\/wp-json\/wp\/v2\/posts\/413339","targetHints":{"allow":["GET"]}}],"collection":[{"href":"https:\/\/www.nbamaniacs.com\/de\/wp-json\/wp\/v2\/posts"}],"about":[{"href":"https:\/\/www.nbamaniacs.com\/de\/wp-json\/wp\/v2\/types\/post"}],"author":[{"embeddable":true,"href":"https:\/\/www.nbamaniacs.com\/de\/wp-json\/wp\/v2\/users\/14497"}],"replies":[{"embeddable":true,"href":"https:\/\/www.nbamaniacs.com\/de\/wp-json\/wp\/v2\/comments?post=413339"}],"version-history":[{"count":0,"href":"https:\/\/www.nbamaniacs.com\/de\/wp-json\/wp\/v2\/posts\/413339\/revisions"}],"wp:featuredmedia":[{"embeddable":true,"href":"https:\/\/www.nbamaniacs.com\/de\/wp-json\/wp\/v2\/media\/413338"}],"wp:attachment":[{"href":"https:\/\/www.nbamaniacs.com\/de\/wp-json\/wp\/v2\/media?parent=413339"}],"wp:term":[{"taxonomy":"category","embeddable":true,"href":"https:\/\/www.nbamaniacs.com\/de\/wp-json\/wp\/v2\/categories?post=413339"},{"taxonomy":"post_tag","embeddable":true,"href":"https:\/\/www.nbamaniacs.com\/de\/wp-json\/wp\/v2\/tags?post=413339"}],"curies":[{"name":"wp","href":"https:\/\/api.w.org\/{rel}","templated":true}]}}