{"id":413430,"date":"2025-08-28T08:00:33","date_gmt":"2025-08-28T06:00:33","guid":{"rendered":"https:\/\/www.nbamaniacs.com\/de\/nachrichten\/haliburton-spielt-in-15-monaten-wieder\/"},"modified":"2025-08-28T08:00:33","modified_gmt":"2025-08-28T06:00:33","slug":"haliburton-spielt-in-15-monaten-wieder","status":"publish","type":"post","link":"https:\/\/www.nbamaniacs.com\/de\/nachrichten\/haliburton-spielt-in-15-monaten-wieder\/","title":{"rendered":"Haliburton spielt in 15 Monaten wieder"},"content":{"rendered":"<p>Tyrese Haliburton hat vor Kurzem bei Logan Pauls <em>Podcast<\/em> vorbeigeschaut, um unter anderem \u00fcber die schwere Verletzung zu sprechen, die er sich in Spiel 7 der NBA Finals zugezogen hat.<\/p>\n<p>Der Pacers-Star hat bereits ein Datum f\u00fcr sein Comeback festgelegt und best\u00e4tigt damit, was viele vermutet haben: Er wird in der n\u00e4chsten Saison kein einziges Spiel bestreiten.<\/p>\n<p>\u201eIch denke, es werden 15 Monate dauern, bis ich wieder auf dem Court stehen kann\u201c, r\u00e4umte er ein.<\/p>\n<p>Au\u00dferdem schilderte er den gesamten Verlauf der Playoffs, einschlie\u00dflich seiner k\u00f6rperlichen Probleme ab Spiel 5 der NBA Finals.<\/p>\n<p>\u201eIch hatte schon ein oder zwei Zerrungen in der Wade und bin deshalb zum Arzt gegangen. Er sagte mir: \u2018In der Regular Season w\u00fcrde ich dir raten, zwei oder drei Wochen auszusetzen, aber das hier sind die Finals.\u2019 Ich antwortete: \u2018Was zum Teufel? Glaubst du, ich werde nicht spielen?\u2019 Ich nenne keine Namen, aber nach Spiel 5 haben mir Freunde und Familie gesagt: \u2018Hey, h\u00f6r auf damit\u2019\u201c, berichtete er.<\/p>\n<h2 class=\"wp-block-heading\">Ein Ratschlag f\u00fcr KD<\/h2>\n<p>Ein anderer Spieler, dem dasselbe widerfuhr, war Kevin Durant. Im Jahr 2020, als er noch das Warriors-Trikot trug, hatte er ebenfalls Wadenschmerzen und riss sich schlie\u00dflich in Spiel 5 die Achillessehne.<\/p>\n<p>Aus diesem Grund rief Haliburton ihn an, um zu fragen, ob er sich f\u00fcr das entscheidende Spiel 7 gegen sein ehemaliges Team, die Thunder, noch einmal voll reinh\u00e4ngen sollte oder nicht.<\/p>\n<p>\u201eIch habe Kevin Durant angerufen, nachdem ich meine MRT-Ergebnisse nach Spiel 5 bekommen hatte. Ich fragte: \u2018Bro, bereust du es, dass du genau in dem Spiel gespielt hast, in dem du dir die Achillessehne gerissen hast?\u2019 Er meinte: \u2018Nein, \u00fcberhaupt nicht.\u2019 Da dachte ich mir: \u2018Okay \u2026 Ich h\u00e4tte meine Meinung ohnehin nicht ge\u00e4ndert, also bin ich echt froh, dass er das so sieht. Es hat mich ein bisschen beruhigt. Ich bereue nichts\u2019,\u201c schloss er ab.<\/p>\n<p>Haliburton beendete die Playoffs mit Durchschnittswerten von <strong>17,3 Punkten, 5,3 Rebounds und 8,6 Assists<\/strong> in 33 Minuten auf dem Court.<\/p>\n<p><em>(Cover photo: Imagn Images)<\/em><\/p>\n","protected":false},"excerpt":{"rendered":"<p>Tyrese Haliburton hat vor Kurzem bei Logan Pauls Podcast vorbeigeschaut, um unter anderem \u00fcber die schwere Verletzung zu sprechen, die er sich in Spiel 7 &#8230; <a title=\"Haliburton spielt in 15 Monaten wieder\" class=\"read-more\" href=\"https:\/\/www.nbamaniacs.com\/de\/nachrichten\/haliburton-spielt-in-15-monaten-wieder\/\" aria-label=\"Mehr Informationen \u00fcber Haliburton spielt in 15 Monaten wieder\">Mehr lesen<\/a><\/p>\n","protected":false},"author":14497,"featured_media":413429,"comment_status":"closed","ping_status":"","sticky":false,"template":"","format":"standard","meta":{"ub_ctt_via":"","footnotes":""},"categories":[6],"tags":[119,4219],"class_list":["post-413430","post","type-post","status-publish","format-standard","has-post-thumbnail","hentry","category-nachrichten","tag-indiana-pacers","tag-tyrese-haliburton","no-featured-image-padding","resize-featured-image"],"featured_image_src":"https:\/\/www.nbamaniacs.com\/de\/wp-content\/uploads\/2025\/08\/keine-spanische-headline-verf-ugbar-1.jpg","author_info":{"display_name":"Niko Jens Schwann","author_link":"https:\/\/www.nbamaniacs.com\/de\/autor\/niko-jens-schwann\/"},"_links":{"self":[{"href":"https:\/\/www.nbamaniacs.com\/de\/wp-json\/wp\/v2\/posts\/413430","targetHints":{"allow":["GET"]}}],"collection":[{"href":"https:\/\/www.nbamaniacs.com\/de\/wp-json\/wp\/v2\/posts"}],"about":[{"href":"https:\/\/www.nbamaniacs.com\/de\/wp-json\/wp\/v2\/types\/post"}],"author":[{"embeddable":true,"href":"https:\/\/www.nbamaniacs.com\/de\/wp-json\/wp\/v2\/users\/14497"}],"replies":[{"embeddable":true,"href":"https:\/\/www.nbamaniacs.com\/de\/wp-json\/wp\/v2\/comments?post=413430"}],"version-history":[{"count":0,"href":"https:\/\/www.nbamaniacs.com\/de\/wp-json\/wp\/v2\/posts\/413430\/revisions"}],"wp:featuredmedia":[{"embeddable":true,"href":"https:\/\/www.nbamaniacs.com\/de\/wp-json\/wp\/v2\/media\/413429"}],"wp:attachment":[{"href":"https:\/\/www.nbamaniacs.com\/de\/wp-json\/wp\/v2\/media?parent=413430"}],"wp:term":[{"taxonomy":"category","embeddable":true,"href":"https:\/\/www.nbamaniacs.com\/de\/wp-json\/wp\/v2\/categories?post=413430"},{"taxonomy":"post_tag","embeddable":true,"href":"https:\/\/www.nbamaniacs.com\/de\/wp-json\/wp\/v2\/tags?post=413430"}],"curies":[{"name":"wp","href":"https:\/\/api.w.org\/{rel}","templated":true}]}}