{"id":413444,"date":"2025-08-28T12:00:00","date_gmt":"2025-08-28T10:00:00","guid":{"rendered":"https:\/\/www.nbamaniacs.com\/de\/nachrichten\/celtics-fordern-paket-fuer-anfernee-simons\/"},"modified":"2025-08-28T12:00:00","modified_gmt":"2025-08-28T10:00:00","slug":"celtics-fordern-paket-fuer-anfernee-simons","status":"publish","type":"post","link":"https:\/\/www.nbamaniacs.com\/de\/geruchte\/celtics-fordern-paket-fuer-anfernee-simons\/","title":{"rendered":"Celtics fordern Paket f\u00fcr Anfernee Simons"},"content":{"rendered":"<p>Kaum war <a href=\"https:\/\/www.nbamaniacs.com\/rumores-nba\/jrue-holiday-de-boston-a-portland\/\" target=\"_blank\" rel=\"noreferrer noopener\">sein Trade<\/a> offiziell, machten Ger\u00fcchte die Runde, wonach Anfernee Simons die Saison 25-26 in Boston wom\u00f6glich gar nicht beginnen w\u00fcrde. Und mag das extrem klingen, es scheint klar, dass er sie dort auch nicht beenden wird. Der Shooting Guard d\u00fcrfte im Laufe der Spielzeit getradet werden, und die Celtics haben bereits skizziert, was sie daf\u00fcr verlangen.<\/p>\n<p>Brett Siegel, Reporter bei <em>Clutch Points<\/em>, merkt an, dass das Team aus Massachusetts finanzielle Flexibilit\u00e4t und einen tieferen Kader anstrebt. Was hei\u00dft das konkret? Vieles, doch ein Punkt sticht heraus: kurze Vertr\u00e4ge.<\/p>\n<p>Mit einem Gehalt von 27,7 Millionen Dollar f\u00fcr die Saison 25-26 wird Anfernee Simons wahrscheinlich gegen mehrere Spieler mit kleineren Vertr\u00e4gen getradet, um Boston die gew\u00fcnschte Tiefe zu verschaffen. Doch sie wollen nicht nur kleinere Vertr\u00e4ge \u2013 sie wollen auch langfristige Verpflichtungen vermeiden, damit sie nach einer Probephase selbst entscheiden k\u00f6nnen, ob sie diese Spieler behalten.<\/p>\n<h2 class=\"wp-block-heading\">Ein ligaweiter Trend<\/h2>\n<p>Dieser Wunsch ist nichts Ungew\u00f6hnliches, denn praktisch jede Franchise agiert nach demselben Prinzip. Die Front Offices sind vorsichtig, weil sich der zweite <em>apron<\/em> bemerkbar macht und eine <a href=\"https:\/\/www.nbamaniacs.com\/noticias\/miedo-contratos-agencia-libre-nba\/\" target=\"_blank\" rel=\"noreferrer noopener\">Reduzierung des Salary-Cap-Anstiegs<\/a> im n\u00e4chsten Jahr drohen k\u00f6nnte. Zudem muss Boston im kommenden Sommer den Kader neu strukturieren, um 2027 nach dem Ring zu greifen.<\/p>\n<p>Allerdings gibt es eine Ausnahme: Laut Siegel w\u00fcrden die Celtics auch einen langfristigen Vertrag akzeptieren, wenn sie sicher sind, dass dieser Spieler ihnen 26-27 beim Kampf um den Titel helfen kann. Ob es einen solchen Trade \u00fcberhaupt gibt? Das werden wir in den kommenden Monaten erfahren.<\/p>\n<p><em>(Cover photo: Troy Wayrynen-Imagn Images)<\/em><\/p>\n","protected":false},"excerpt":{"rendered":"<p>Kaum war sein Trade offiziell, machten Ger\u00fcchte die Runde, wonach Anfernee Simons die Saison 25-26 in Boston wom\u00f6glich gar nicht beginnen w\u00fcrde. Und mag das &#8230; <a title=\"Celtics fordern Paket f\u00fcr Anfernee Simons\" class=\"read-more\" href=\"https:\/\/www.nbamaniacs.com\/de\/geruchte\/celtics-fordern-paket-fuer-anfernee-simons\/\" aria-label=\"Mehr Informationen \u00fcber Celtics fordern Paket f\u00fcr Anfernee Simons\">Mehr lesen<\/a><\/p>\n","protected":false},"author":14497,"featured_media":413443,"comment_status":"closed","ping_status":"","sticky":false,"template":"","format":"standard","meta":{"ub_ctt_via":"","footnotes":""},"categories":[588],"tags":[3995,19],"class_list":["post-413444","post","type-post","status-publish","format-standard","has-post-thumbnail","hentry","category-geruchte","tag-anfernee-simons","tag-boston-celtics","no-featured-image-padding","resize-featured-image"],"featured_image_src":"https:\/\/www.nbamaniacs.com\/de\/wp-content\/uploads\/2025\/08\/anfernee-simons-gl-anzt-bei-den-blazers.jpg","author_info":{"display_name":"Niko Jens Schwann","author_link":"https:\/\/www.nbamaniacs.com\/de\/autor\/niko-jens-schwann\/"},"_links":{"self":[{"href":"https:\/\/www.nbamaniacs.com\/de\/wp-json\/wp\/v2\/posts\/413444","targetHints":{"allow":["GET"]}}],"collection":[{"href":"https:\/\/www.nbamaniacs.com\/de\/wp-json\/wp\/v2\/posts"}],"about":[{"href":"https:\/\/www.nbamaniacs.com\/de\/wp-json\/wp\/v2\/types\/post"}],"author":[{"embeddable":true,"href":"https:\/\/www.nbamaniacs.com\/de\/wp-json\/wp\/v2\/users\/14497"}],"replies":[{"embeddable":true,"href":"https:\/\/www.nbamaniacs.com\/de\/wp-json\/wp\/v2\/comments?post=413444"}],"version-history":[{"count":0,"href":"https:\/\/www.nbamaniacs.com\/de\/wp-json\/wp\/v2\/posts\/413444\/revisions"}],"wp:featuredmedia":[{"embeddable":true,"href":"https:\/\/www.nbamaniacs.com\/de\/wp-json\/wp\/v2\/media\/413443"}],"wp:attachment":[{"href":"https:\/\/www.nbamaniacs.com\/de\/wp-json\/wp\/v2\/media?parent=413444"}],"wp:term":[{"taxonomy":"category","embeddable":true,"href":"https:\/\/www.nbamaniacs.com\/de\/wp-json\/wp\/v2\/categories?post=413444"},{"taxonomy":"post_tag","embeddable":true,"href":"https:\/\/www.nbamaniacs.com\/de\/wp-json\/wp\/v2\/tags?post=413444"}],"curies":[{"name":"wp","href":"https:\/\/api.w.org\/{rel}","templated":true}]}}